{"id":90500,"date":"2018-01-25T22:25:47","date_gmt":"2018-01-26T00:25:47","guid":{"rendered":"http:\/\/diarioregionaljf.com.br\/2018\/01\/25\/presidente-em-exercicio-assina-decreto-que-facilita-privatizacao-de-eletricas\/"},"modified":"2018-01-25T22:25:47","modified_gmt":"2018-01-26T00:25:47","slug":"presidente-em-exercicio-assina-decreto-que-facilita-privatizacao-de-eletricas","status":"publish","type":"post","link":"https:\/\/diarioregionaldigital.com.br\/?p=90500","title":{"rendered":"Presidente em exerc\u00edcio assina decreto que facilita privatiza\u00e7\u00e3o de el\u00e9tricas"},"content":{"rendered":"<p>O presidente da Rep\u00fablica em exerc\u00edcio, Rodrigo Maia, assinou hoje, 25, decreto que autoriza a Uni\u00e3o a renovar o contrato de concess\u00e3o no setor el\u00e9trico de empresas estatais que operam fora do regime de cotas, criado pela Medida Provis\u00f3ria (MP) 579\/12, e que venham a ser privatizadas.<\/p>\n<p>O decreto permite que, caso o controlador decida pela privatiza\u00e7\u00e3o da usina, a concess\u00e3o poder\u00e1 ser renovada por at\u00e9 30 anos. Em troca, ser\u00e1 preciso pagar uma outorga ao governo federal, que ser\u00e1 calculada com base no valor do benef\u00edcio obtido com o novo contrato, pagando proporcionalmente a esse per\u00edodo adicional.<\/p>\n<p>De acordo com o decreto, o novo contrato de outorga beneficiaria a pessoa jur\u00eddica vencedora de leil\u00e3o de privatiza\u00e7\u00e3o de concession\u00e1rio de servi\u00e7o p\u00fablico de gera\u00e7\u00e3o de energia el\u00e9trica sob controle direto ou indireto da Uni\u00e3o, de estado, do Distrito Federal ou de munic\u00edpio.<\/p>\n<p>Para tanto, o decreto diz que a nova outorga deve observar a exist\u00eancia de \u201ccontrato de concess\u00e3o de servi\u00e7o p\u00fablico de gera\u00e7\u00e3o vigente no momento da privatiza\u00e7\u00e3o e com prazo remanescente de concess\u00e3o superior a 60 meses do advento do termo contratual ou do ato de outorga\u201d.<\/p>\n<h4>Privatiza\u00e7\u00e3o<\/h4>\n<p>Na pr\u00e1tica, o decreto assinado nesta quinta-feira abre caminho para permitir a privatiza\u00e7\u00e3o da Companhia Energ\u00e9tica de S\u00e3o Paulo (Cesp) pelo governo do estado de S\u00e3o Paulo. O processo est\u00e1 paralisado desde setembro de 2017, principalmente em raz\u00e3o da prorroga\u00e7\u00e3o antecipada dos contratos de suas usinas.<\/p>\n<p>Uma das usinas da Cesp, a Usina Hidrel\u00e9trica Sergio Motta, conhecida como Porto Primavera, cujo contrato venceria em 2028, tem atra\u00eddo interesse de agentes do setor el\u00e9trico que disputam sua privatiza\u00e7\u00e3o. Al\u00e9m dela, a Cesp tamb\u00e9m opera as usinas hidrel\u00e9tricas Jaguari e Paraibuna, que somam 1.654,6 megawatts (MW) de capacidade instalada.<\/p>\n<p>Outra possibilidade \u00e9 que o decreto facilite a venda de usinas hidrel\u00e9tricas da Eletrobras que operam fora do regime de cotas, a exemplo da Hidrel\u00e9trica de Tucuru\u00ed, que tem concess\u00e3o at\u00e9 2024.<\/p>\n<p>Editada pela ex-presidente Dilma Rousseff, em setembro de 2012, a MP 579 antecipava a renova\u00e7\u00e3o das concess\u00f5es por 30 anos. A inten\u00e7\u00e3o era reduzir os custos de opera\u00e7\u00e3o e manuten\u00e7\u00e3o, por meio da amortiza\u00e7\u00e3o dos ativos das empresas.<\/p>\n<p>Para tanto, um dos mecanismos da MP transformou em \u201ccotas\u201d para as distribuidoras do mercado regulado a energia dessas hidrel\u00e9tricas. A medida possibilitou ao governo adotar tarifas mais baixas, mas onerou o custo de manuten\u00e7\u00e3o do setor el\u00e9trico.<\/p>\n<p>O decreto \u00e9 mais uma medida do governo no sentido de alterar as regras do setor el\u00e9trico estabelecidas durante o governo Dilma. A inten\u00e7\u00e3o \u00e9 promover um processo de \u201cdescotiza\u00e7\u00e3o\u201d. A altera\u00e7\u00e3o vai abrir caminho para que as geradoras possam comercializar a energia produzida, parcial ou integralmente, para outros compradores, como comercializadoras ou grandes consumidores industriais.<\/p>\n<hr \/>\n<p>&nbsp;Fonte: Ag\u00eancia Brasil<\/p>\n","protected":false},"excerpt":{"rendered":"<p>O presidente da Rep\u00fablica em exerc\u00edcio, Rodrigo Maia, assinou hoje, 25, decreto que autoriza a Uni\u00e3o a renovar o contrato de concess\u00e3o no setor el\u00e9trico de empresas estatais que operam fora do regime de cotas, criado pela Medida Provis\u00f3ria (MP) 579\/12, e que venham a ser privatizadas. O decreto permite que, caso o controlador decida [&hellip;]<\/p>\n","protected":false},"author":96,"featured_media":90499,"comment_status":"closed","ping_status":"closed","sticky":false,"template":"","format":"standard","meta":{"footnotes":""},"categories":[261],"tags":[],"class_list":["post-90500","post","type-post","status-publish","format-standard","has-post-thumbnail","hentry","category-economia"],"_links":{"self":[{"href":"https:\/\/diarioregionaldigital.com.br\/index.php?rest_route=\/wp\/v2\/posts\/90500","targetHints":{"allow":["GET"]}}],"collection":[{"href":"https:\/\/diarioregionaldigital.com.br\/index.php?rest_route=\/wp\/v2\/posts"}],"about":[{"href":"https:\/\/diarioregionaldigital.com.br\/index.php?rest_route=\/wp\/v2\/types\/post"}],"author":[{"embeddable":true,"href":"https:\/\/diarioregionaldigital.com.br\/index.php?rest_route=\/wp\/v2\/users\/96"}],"replies":[{"embeddable":true,"href":"https:\/\/diarioregionaldigital.com.br\/index.php?rest_route=%2Fwp%2Fv2%2Fcomments&post=90500"}],"version-history":[{"count":0,"href":"https:\/\/diarioregionaldigital.com.br\/index.php?rest_route=\/wp\/v2\/posts\/90500\/revisions"}],"wp:featuredmedia":[{"embeddable":true,"href":"https:\/\/diarioregionaldigital.com.br\/index.php?rest_route=\/wp\/v2\/media\/90499"}],"wp:attachment":[{"href":"https:\/\/diarioregionaldigital.com.br\/index.php?rest_route=%2Fwp%2Fv2%2Fmedia&parent=90500"}],"wp:term":[{"taxonomy":"category","embeddable":true,"href":"https:\/\/diarioregionaldigital.com.br\/index.php?rest_route=%2Fwp%2Fv2%2Fcategories&post=90500"},{"taxonomy":"post_tag","embeddable":true,"href":"https:\/\/diarioregionaldigital.com.br\/index.php?rest_route=%2Fwp%2Fv2%2Ftags&post=90500"}],"curies":[{"name":"wp","href":"https:\/\/api.w.org\/{rel}","templated":true}]}}