{"id":90498,"date":"2018-01-25T22:22:58","date_gmt":"2018-01-26T00:22:58","guid":{"rendered":"http:\/\/diarioregionaljf.com.br\/2018\/01\/25\/mais-de-9-milhoes-de-celulares-foram-bloqueados-em-dezembro-no-brasil\/"},"modified":"2018-01-25T22:22:58","modified_gmt":"2018-01-26T00:22:58","slug":"mais-de-9-milhoes-de-celulares-foram-bloqueados-em-dezembro-no-brasil","status":"publish","type":"post","link":"https:\/\/diarioregionaldigital.com.br\/?p=90498","title":{"rendered":"Mais de 9 milh\u00f5es de celulares foram bloqueados em dezembro no Brasil"},"content":{"rendered":"<p>Em dezembro do ano passado, foram bloqueados mais de 9,2 milh\u00f5es de aparelhos celulares, um aumento de 20,97% em rela\u00e7\u00e3o ao mesmo per\u00edodo de 2016. Os n\u00famero constam do Cadastro Nacional de Esta\u00e7\u00f5es M\u00f3veis Impedidas (Cemi) e foram divulgados hoje, 25, pela Ag\u00eancia Nacional de Telecomunica\u00e7\u00f5es (Anatel).<\/p>\n<p>O cadastro mant\u00e9m o registro de aparelhos perdidos, furtados ou roubados que est\u00e3o bloqueados. No total, foram bloqueados, 9.259.697, um aumento de 1.604.875 em rela\u00e7\u00e3o a dezembro de 2016.<\/p>\n<p>O n\u00famero abrange os aparelhos impedidos por solicita\u00e7\u00e3o direta dos usu\u00e1rios \u00e0s empresas de telefonia m\u00f3vel e pelo registro de boletins de ocorr\u00eancia na pol\u00edcia nos estados e no Distrito Federal.<\/p>\n<p>De acordo com a Anatel, at\u00e9 dezembro do ano passado, as pol\u00edcias estaduais e do Distrito Federal bloquearam 180.508 celulares no Cemi. Os estados com maior n\u00famero de celulares bloqueados pela policia foram S\u00e3o Paulo, com 116.967 aparelhos; Rio de Janeiro, com 27.785 bloqueios; e Esp\u00edrito Santo, com 10.179 celulares.<\/p>\n<p>Desde quando o sistema de bloqueio come\u00e7ou a funcionar, em mar\u00e7o de 2016, 23 secretarias de Seguran\u00e7a estaduais e a do Distrito Federal assinaram o conv\u00eanio com a Anatel para inscri\u00e7\u00e3o no Cemi. Ainda n\u00e3o firmaram o termo de ades\u00e3o ao cadastro as secretarias do Acre, de Alagoas, do Amap\u00e1, do Maranh\u00e3o e do Par\u00e1.<\/p>\n<hr \/>\n<p>&nbsp;Fonte: Ag\u00eancia Brasil<\/p>\n","protected":false},"excerpt":{"rendered":"<p>Em dezembro do ano passado, foram bloqueados mais de 9,2 milh\u00f5es de aparelhos celulares, um aumento de 20,97% em rela\u00e7\u00e3o ao mesmo per\u00edodo de 2016. Os n\u00famero constam do Cadastro Nacional de Esta\u00e7\u00f5es M\u00f3veis Impedidas (Cemi) e foram divulgados hoje, 25, pela Ag\u00eancia Nacional de Telecomunica\u00e7\u00f5es (Anatel). O cadastro mant\u00e9m o registro de aparelhos perdidos, [&hellip;]<\/p>\n","protected":false},"author":96,"featured_media":90497,"comment_status":"closed","ping_status":"closed","sticky":false,"template":"","format":"standard","meta":{"footnotes":""},"categories":[261],"tags":[],"class_list":["post-90498","post","type-post","status-publish","format-standard","has-post-thumbnail","hentry","category-economia"],"_links":{"self":[{"href":"https:\/\/diarioregionaldigital.com.br\/index.php?rest_route=\/wp\/v2\/posts\/90498","targetHints":{"allow":["GET"]}}],"collection":[{"href":"https:\/\/diarioregionaldigital.com.br\/index.php?rest_route=\/wp\/v2\/posts"}],"about":[{"href":"https:\/\/diarioregionaldigital.com.br\/index.php?rest_route=\/wp\/v2\/types\/post"}],"author":[{"embeddable":true,"href":"https:\/\/diarioregionaldigital.com.br\/index.php?rest_route=\/wp\/v2\/users\/96"}],"replies":[{"embeddable":true,"href":"https:\/\/diarioregionaldigital.com.br\/index.php?rest_route=%2Fwp%2Fv2%2Fcomments&post=90498"}],"version-history":[{"count":0,"href":"https:\/\/diarioregionaldigital.com.br\/index.php?rest_route=\/wp\/v2\/posts\/90498\/revisions"}],"wp:featuredmedia":[{"embeddable":true,"href":"https:\/\/diarioregionaldigital.com.br\/index.php?rest_route=\/wp\/v2\/media\/90497"}],"wp:attachment":[{"href":"https:\/\/diarioregionaldigital.com.br\/index.php?rest_route=%2Fwp%2Fv2%2Fmedia&parent=90498"}],"wp:term":[{"taxonomy":"category","embeddable":true,"href":"https:\/\/diarioregionaldigital.com.br\/index.php?rest_route=%2Fwp%2Fv2%2Fcategories&post=90498"},{"taxonomy":"post_tag","embeddable":true,"href":"https:\/\/diarioregionaldigital.com.br\/index.php?rest_route=%2Fwp%2Fv2%2Ftags&post=90498"}],"curies":[{"name":"wp","href":"https:\/\/api.w.org\/{rel}","templated":true}]}}