{"id":90496,"date":"2018-01-25T22:20:02","date_gmt":"2018-01-26T00:20:02","guid":{"rendered":"http:\/\/diarioregionaljf.com.br\/2018\/01\/25\/meirelles-diz-que-recebeu-apoio-dos-eua-para-entrada-do-brasil-na-ocde\/"},"modified":"2018-01-25T22:20:02","modified_gmt":"2018-01-26T00:20:02","slug":"meirelles-diz-que-recebeu-apoio-dos-eua-para-entrada-do-brasil-na-ocde","status":"publish","type":"post","link":"https:\/\/diarioregionaldigital.com.br\/?p=90496","title":{"rendered":"Meirelles diz que recebeu apoio dos EUA para entrada do Brasil na OCDE"},"content":{"rendered":"<p>O ministro da Fazenda, Henrique Meirelles, disse hoje, 25, que recebeu o apoio do secret\u00e1rio do Tesouro dos Estados Unidos, Steven Mnuchin, para a integra\u00e7\u00e3o do Brasil \u00e0 Organiza\u00e7\u00e3o para a Coopera\u00e7\u00e3o e Desenvolvimento Econ\u00f4mico (OCDE), grupo dos pa\u00edses mais industrializados.<\/p>\n<p>Segundo Meirelles, ainda \u00e9 preciso que Mnuchin converse com as autoridades respons\u00e1veis pelo assunto no governo de Donald Trump, mas o n\u00edvel de \u201centusiasmo\u201d e as declara\u00e7\u00f5es p\u00fablicas de apoio \u00e0 entrada do Brasil no bloco \u00e9 \u201cmuito grande\u201d. As declara\u00e7\u00f5es de Meirelles foram dadas durante entrevista em Davos, na Su\u00ed\u00e7a, onde o ministro participa do F\u00f3rum Econ\u00f4mico Mundial.<\/p>\n<p>\u201cAlguns setores do governo americano j\u00e1 tinham manifestado resist\u00eancia \u00e0 entrada do Brasil, n\u00e3o por causa do Brasil, mas certa obje\u00e7\u00e3o ao aumento no n\u00famero de participantes, \u00e0 entrada de outros pa\u00edses. Ele [Mnuchin] manifestou um forte apoio pessoal \u00e0 entrada do Brasil\u201d, afirmou Meirelles.<\/p>\n<p>Em julho do ano passado, o governo do Reino Unido tamb\u00e9m manifestou apoio \u00e0 integra\u00e7\u00e3o brasileira \u00e0 OCDE . \u201cEvidentemente, o voto americano n\u00e3o \u00e9 o \u00fanico, mas temos j\u00e1 uma maioria enorme de pa\u00edses que est\u00e3o manifestando apoio \u00e0 entrada do Brasil\u201d, afirmou Meirelles.<\/p>\n<hr \/>\n<p>&nbsp;Fonte: Ag\u00eancia Brasil<\/p>\n","protected":false},"excerpt":{"rendered":"<p>O ministro da Fazenda, Henrique Meirelles, disse hoje, 25, que recebeu o apoio do secret\u00e1rio do Tesouro dos Estados Unidos, Steven Mnuchin, para a integra\u00e7\u00e3o do Brasil \u00e0 Organiza\u00e7\u00e3o para a Coopera\u00e7\u00e3o e Desenvolvimento Econ\u00f4mico (OCDE), grupo dos pa\u00edses mais industrializados. Segundo Meirelles, ainda \u00e9 preciso que Mnuchin converse com as autoridades respons\u00e1veis pelo assunto [&hellip;]<\/p>\n","protected":false},"author":96,"featured_media":90495,"comment_status":"closed","ping_status":"closed","sticky":false,"template":"","format":"standard","meta":{"footnotes":""},"categories":[261],"tags":[],"class_list":["post-90496","post","type-post","status-publish","format-standard","has-post-thumbnail","hentry","category-economia"],"_links":{"self":[{"href":"https:\/\/diarioregionaldigital.com.br\/index.php?rest_route=\/wp\/v2\/posts\/90496","targetHints":{"allow":["GET"]}}],"collection":[{"href":"https:\/\/diarioregionaldigital.com.br\/index.php?rest_route=\/wp\/v2\/posts"}],"about":[{"href":"https:\/\/diarioregionaldigital.com.br\/index.php?rest_route=\/wp\/v2\/types\/post"}],"author":[{"embeddable":true,"href":"https:\/\/diarioregionaldigital.com.br\/index.php?rest_route=\/wp\/v2\/users\/96"}],"replies":[{"embeddable":true,"href":"https:\/\/diarioregionaldigital.com.br\/index.php?rest_route=%2Fwp%2Fv2%2Fcomments&post=90496"}],"version-history":[{"count":0,"href":"https:\/\/diarioregionaldigital.com.br\/index.php?rest_route=\/wp\/v2\/posts\/90496\/revisions"}],"wp:featuredmedia":[{"embeddable":true,"href":"https:\/\/diarioregionaldigital.com.br\/index.php?rest_route=\/wp\/v2\/media\/90495"}],"wp:attachment":[{"href":"https:\/\/diarioregionaldigital.com.br\/index.php?rest_route=%2Fwp%2Fv2%2Fmedia&parent=90496"}],"wp:term":[{"taxonomy":"category","embeddable":true,"href":"https:\/\/diarioregionaldigital.com.br\/index.php?rest_route=%2Fwp%2Fv2%2Fcategories&post=90496"},{"taxonomy":"post_tag","embeddable":true,"href":"https:\/\/diarioregionaldigital.com.br\/index.php?rest_route=%2Fwp%2Fv2%2Ftags&post=90496"}],"curies":[{"name":"wp","href":"https:\/\/api.w.org\/{rel}","templated":true}]}}