{"id":90494,"date":"2018-01-25T22:16:24","date_gmt":"2018-01-26T00:16:24","guid":{"rendered":"http:\/\/diarioregionaljf.com.br\/2018\/01\/25\/concurso-da-camara-municipal-e-previsto-para-agosto\/"},"modified":"2018-01-25T22:16:24","modified_gmt":"2018-01-26T00:16:24","slug":"concurso-da-camara-municipal-e-previsto-para-agosto","status":"publish","type":"post","link":"https:\/\/diarioregionaldigital.com.br\/?p=90494","title":{"rendered":"Concurso da C\u00e2mara Municipal \u00e9 previsto para agosto"},"content":{"rendered":"<p>O presidente da C\u00e2mara Municipal de Juiz de Fora (CMJF), vereador Rodrigo Mattos (PSDB) assinou na tarde desta quinta-feira, 25, a homologa\u00e7\u00e3o do resultado da licita\u00e7\u00e3o que determinou a empresa respons\u00e1vel por organizar o concurso p\u00fablico da Casa. Realizado no dia 17 de janeiro, o certame contou com a participa\u00e7\u00e3o de cinco empresas e a vencedora foi a Consulpam \u2013 Consultoria P\u00fablico \u2013 Privada, institui\u00e7\u00e3o da capital cearense, que j\u00e1 organizou 36 concursos no pa\u00eds.<\/p>\n<p>Ap\u00f3s quase dois anos de entraves burocr\u00e1ticos, a Casa consegue avan\u00e7ar com o concurso e o presidente da C\u00e2mara afirmou estar satisfeito e aliviado com a assinatura da homologa\u00e7\u00e3o. \u201cN\u00f3s estamos fechando um ciclo, que foi um pouco demorado e com muitas idas e vindas. Conseguimos atender o pedido do Minist\u00e9rio P\u00fablico e com um processo totalmente transparente. Tenho certeza que o concurso vai andar muito bem\u201d, destacou Mattos. O Minist\u00e9rio P\u00fablico de Minas Gerais (MPMG) recomendou que a Casa realizasse uma licita\u00e7\u00e3o para contratar a empresa respons\u00e1vel ao inv\u00e9s de firmar contrato por dispensa de certame com a Funda\u00e7\u00e3o Mariana Resende Costa (Fumarc), institui\u00e7\u00e3o ligada a PUC-Minas, que, inicialmente, seria respons\u00e1vel pelo concurso.<\/p>\n<p>\u201cN\u00f3s estamos dando um importante passo para a realiza\u00e7\u00e3o do maior concurso da hist\u00f3ria da C\u00e2mara\u201d, ressaltou Mattos. \u201cA empresa vencedora deve vir a Juiz de Fora em dez dias para a assinatura do contrato e se reunir com a comiss\u00e3o do concurso. Ap\u00f3s a assinatura do contrato, o edital ser\u00e1 lan\u00e7ado em at\u00e9 30 dias\u201d, acrescentou o parlamentar. As inscri\u00e7\u00f5es ser\u00e3o abertas somente 60 dias depois da data de publica\u00e7\u00e3o do documento. O intervalo \u00e9 necess\u00e1rio para que o Tribunal de Contas do Estado (TCE) possa analisar o edital e, se for preciso, solicitar alguma modifica\u00e7\u00e3o.<\/p>\n<p>O valor final do preg\u00e3o ficou em R$86.248,60 e a previs\u00e3o \u00e9 que as provas sejam realizadas em agosto. \u201cEste valor ser\u00e1 arrecadado pela empresa atrav\u00e9s das inscri\u00e7\u00f5es. Caso n\u00e3o consiga, ela est\u00e1 compromissada a fazer o concurso com o valor que arrecadou. A C\u00e2mara \u00e9 respons\u00e1vel apenas pela emiss\u00e3o dos boletos banc\u00e1rios para que os candidatos possam efetuar o pagamento\u201d, explicou Mattos, descartando a possibilidade da Casa disponibilizar verba se a empresa n\u00e3o conseguir o valor total. Mas se o valor foi maior ao estipulado, ele ser\u00e1 repassado a C\u00e2mara que enviar\u00e1 ao Executivo municipal.<\/p>\n<p>O concurso oferece um total de 30 vagas para diversas \u00e1reas de atua\u00e7\u00e3o. \u201cConseguiremos realizar um concurso, que eu considero, com pre\u00e7os populares. As inscri\u00e7\u00f5es ter\u00e3o o valor de R$11,50 para os cargos de n\u00edvel m\u00e9dio e t\u00e9cnico e R$16,30 para o n\u00edvel superior. Ent\u00e3o, a gente espera que nesse momento de crise todos que querem ingressar no servi\u00e7o p\u00fablico possam participar\u201d, ressaltou o presidente da C\u00e2mara.<\/p>\n<p>Dois impasses ser\u00e3o solucionados com a realiza\u00e7\u00e3o do concurso. O primeiro, que \u00e9 inten\u00e7\u00e3o de Mattos desde que assumiu a presid\u00eancia da Casa, \u00e9 equilibrar o n\u00famero de servidores de carreira e os comissionados. Atualmente, cerca de 26% dos trabalhadores da C\u00e2mara s\u00e3o efetivos. \u201cNossa ideia \u00e9 homologar [o resultado do concurso] ainda este ano, pois sabemos que a C\u00e2mara precisa de servidores de carreira para equacionar essa disfun\u00e7\u00e3o que acontece hoje no poder Legislativo\u201d, disse.<\/p>\n<p>O outro ponto \u00e9 amplia\u00e7\u00e3o do corpo de analistas da C\u00e2mara. \u201cSe as comiss\u00f5es precisarem de uma opini\u00e3o mais t\u00e9cnica em um determinado assunto, hoje, n\u00e3o temos esse profissional. Com a realiza\u00e7\u00e3o do concurso, teremos estes funcion\u00e1rios para consultar e que tornar\u00e3o mais eficiente os trabalhos dos vereadores nas comiss\u00f5es\u201d, esclareceu.<\/p>\n","protected":false},"excerpt":{"rendered":"<p>O presidente da C\u00e2mara Municipal de Juiz de Fora (CMJF), vereador Rodrigo Mattos (PSDB) assinou na tarde desta quinta-feira, 25, a homologa\u00e7\u00e3o do resultado da licita\u00e7\u00e3o que determinou a empresa respons\u00e1vel por organizar o concurso p\u00fablico da Casa. Realizado no dia 17 de janeiro, o certame contou com a participa\u00e7\u00e3o de cinco empresas e a [&hellip;]<\/p>\n","protected":false},"author":96,"featured_media":90493,"comment_status":"closed","ping_status":"closed","sticky":false,"template":"","format":"standard","meta":{"footnotes":""},"categories":[253],"tags":[],"class_list":["post-90494","post","type-post","status-publish","format-standard","has-post-thumbnail","hentry","category-cidade"],"_links":{"self":[{"href":"https:\/\/diarioregionaldigital.com.br\/index.php?rest_route=\/wp\/v2\/posts\/90494","targetHints":{"allow":["GET"]}}],"collection":[{"href":"https:\/\/diarioregionaldigital.com.br\/index.php?rest_route=\/wp\/v2\/posts"}],"about":[{"href":"https:\/\/diarioregionaldigital.com.br\/index.php?rest_route=\/wp\/v2\/types\/post"}],"author":[{"embeddable":true,"href":"https:\/\/diarioregionaldigital.com.br\/index.php?rest_route=\/wp\/v2\/users\/96"}],"replies":[{"embeddable":true,"href":"https:\/\/diarioregionaldigital.com.br\/index.php?rest_route=%2Fwp%2Fv2%2Fcomments&post=90494"}],"version-history":[{"count":0,"href":"https:\/\/diarioregionaldigital.com.br\/index.php?rest_route=\/wp\/v2\/posts\/90494\/revisions"}],"wp:featuredmedia":[{"embeddable":true,"href":"https:\/\/diarioregionaldigital.com.br\/index.php?rest_route=\/wp\/v2\/media\/90493"}],"wp:attachment":[{"href":"https:\/\/diarioregionaldigital.com.br\/index.php?rest_route=%2Fwp%2Fv2%2Fmedia&parent=90494"}],"wp:term":[{"taxonomy":"category","embeddable":true,"href":"https:\/\/diarioregionaldigital.com.br\/index.php?rest_route=%2Fwp%2Fv2%2Fcategories&post=90494"},{"taxonomy":"post_tag","embeddable":true,"href":"https:\/\/diarioregionaldigital.com.br\/index.php?rest_route=%2Fwp%2Fv2%2Ftags&post=90494"}],"curies":[{"name":"wp","href":"https:\/\/api.w.org\/{rel}","templated":true}]}}