{"id":90492,"date":"2018-01-25T22:12:40","date_gmt":"2018-01-26T00:12:40","guid":{"rendered":"http:\/\/diarioregionaljf.com.br\/2018\/01\/25\/homem-com-suspeita-de-febre-amarela-morre-em-barbacena\/"},"modified":"2018-01-25T22:12:40","modified_gmt":"2018-01-26T00:12:40","slug":"homem-com-suspeita-de-febre-amarela-morre-em-barbacena","status":"publish","type":"post","link":"https:\/\/diarioregionaldigital.com.br\/?p=90492","title":{"rendered":"Homem com suspeita de febre amarela morre em Barbacena"},"content":{"rendered":"<p>O Secret\u00e1rio Municipal de Sa\u00fade e Programas Sociais (Sesaps) de Barbacena (a cerca de 110 Km de JF), Jos\u00e9 Orleans da Costa, publicou um Decreto Municipal nesta quinta-feira, 25, confirmando a morte de um homem de 42 anos que estava internado com suspeita de febre amarela.<\/p>\n<p>De acordo com o documento, o paciente era residente do bairro de F\u00e1tima e trabalhador na Col\u00f4nia Rodrigo Silva, no munic\u00edpio. Ele foi internado no Hospital Regional no dia 20 de janeiro e transferido para o Centro de Tratamento Intensivo (CTI) da Santa Casa da cidade dois dias depois.<\/p>\n<p>Foi colhido material do paciente, a ser enviado para an\u00e1lise na Funda\u00e7\u00e3o Ezequiel Dias, conforme normas t\u00e9cnicas estabelecidas pelo Minist\u00e9rio da Sa\u00fade e Secretaria de Estado da Sa\u00fade.<\/p>\n","protected":false},"excerpt":{"rendered":"<p>O Secret\u00e1rio Municipal de Sa\u00fade e Programas Sociais (Sesaps) de Barbacena (a cerca de 110 Km de JF), Jos\u00e9 Orleans da Costa, publicou um Decreto Municipal nesta quinta-feira, 25, confirmando a morte de um homem de 42 anos que estava internado com suspeita de febre amarela. De acordo com o documento, o paciente era residente [&hellip;]<\/p>\n","protected":false},"author":96,"featured_media":90491,"comment_status":"closed","ping_status":"closed","sticky":false,"template":"","format":"standard","meta":{"footnotes":""},"categories":[252],"tags":[],"class_list":["post-90492","post","type-post","status-publish","format-standard","has-post-thumbnail","hentry","category-regiao"],"_links":{"self":[{"href":"https:\/\/diarioregionaldigital.com.br\/index.php?rest_route=\/wp\/v2\/posts\/90492","targetHints":{"allow":["GET"]}}],"collection":[{"href":"https:\/\/diarioregionaldigital.com.br\/index.php?rest_route=\/wp\/v2\/posts"}],"about":[{"href":"https:\/\/diarioregionaldigital.com.br\/index.php?rest_route=\/wp\/v2\/types\/post"}],"author":[{"embeddable":true,"href":"https:\/\/diarioregionaldigital.com.br\/index.php?rest_route=\/wp\/v2\/users\/96"}],"replies":[{"embeddable":true,"href":"https:\/\/diarioregionaldigital.com.br\/index.php?rest_route=%2Fwp%2Fv2%2Fcomments&post=90492"}],"version-history":[{"count":0,"href":"https:\/\/diarioregionaldigital.com.br\/index.php?rest_route=\/wp\/v2\/posts\/90492\/revisions"}],"wp:featuredmedia":[{"embeddable":true,"href":"https:\/\/diarioregionaldigital.com.br\/index.php?rest_route=\/wp\/v2\/media\/90491"}],"wp:attachment":[{"href":"https:\/\/diarioregionaldigital.com.br\/index.php?rest_route=%2Fwp%2Fv2%2Fmedia&parent=90492"}],"wp:term":[{"taxonomy":"category","embeddable":true,"href":"https:\/\/diarioregionaldigital.com.br\/index.php?rest_route=%2Fwp%2Fv2%2Fcategories&post=90492"},{"taxonomy":"post_tag","embeddable":true,"href":"https:\/\/diarioregionaldigital.com.br\/index.php?rest_route=%2Fwp%2Fv2%2Ftags&post=90492"}],"curies":[{"name":"wp","href":"https:\/\/api.w.org\/{rel}","templated":true}]}}