{"id":90488,"date":"2018-01-25T22:06:15","date_gmt":"2018-01-26T00:06:15","guid":{"rendered":"http:\/\/diarioregionaljf.com.br\/2018\/01\/25\/conheca-duas-medidas-do-governo-do-brasil-que-melhoraram-a-vida-dos-aposentados\/"},"modified":"2018-01-25T22:06:15","modified_gmt":"2018-01-26T00:06:15","slug":"conheca-duas-medidas-do-governo-do-brasil-que-melhoraram-a-vida-dos-aposentados","status":"publish","type":"post","link":"https:\/\/diarioregionaldigital.com.br\/?p=90488","title":{"rendered":"Conhe\u00e7a duas medidas do Governo do Brasil que melhoraram a vida dos aposentados"},"content":{"rendered":"<p>Os aposentados brasileiros t\u00eam bons motivos para comemorar no dia destinado a eles. Medidas tomadas pelo Governo do Brasil no \u00faltimo ano beneficiaram diretamente essa parcela da popula\u00e7\u00e3o.<\/p>\n<p>Uma delas foi o reconhecimento autom\u00e1tico da aposentadoria por idade. A outra, a mudan\u00e7a nas regras para os saques do PIS e Pasep, que ampliou a quantidade de pessoas com direito a sacar o benef\u00edcio.<\/p>\n<p>Desde agosto, o trabalhador que comprovar ter trabalhado por, no m\u00ednimo de 180 meses, al\u00e9m de ter idade m\u00ednima de 65 anos, se homem, ou 60 anos, se mulher, n\u00e3o precisa mais comparecer a um posto de atendimento para pedir a aposentadoria por idade.<\/p>\n<p>Todos os meses, o Instituto Nacional do Seguro Social (INSS) faz uma pesquisa para identificar os segurados que j\u00e1 t\u00eam o direito dispon\u00edvel. Essas pessoas recebem o comunicado sobre a concess\u00e3o do benef\u00edcio.<\/p>\n<p>O segurado tamb\u00e9m poder\u00e1 requerer a concess\u00e3o do benef\u00edcio por meio do canal 135. A partir disso, elas podem ligar para o n\u00famero 135 e solicitar a aposentadoria. Para segurados especiais como agricultores familiares, pescadores artesanais e ind\u00edgenas, a idade m\u00ednima \u00e9 reduzida em cinco anos.<\/p>\n<p>Em rela\u00e7\u00e3o ao PIS\/Pasep, mais de 4,5 milh\u00f5es de pessoas poder\u00e3o fazer o resgate de R$7,8 bilh\u00f5es. Isso s\u00f3 ser\u00e1 poss\u00edvel devido a uma medida provis\u00f3ria que estendeu os direitos dos trabalhadores mais velhos. Agora, qualquer pessoa com mais de 60 anos poder\u00e1 tirar o benef\u00edcio. Antes, a idade m\u00ednima era de 70 anos.<\/p>\n<hr \/>\n<p>&nbsp;Fonte: Ag\u00eancia Brasil<\/p>\n","protected":false},"excerpt":{"rendered":"<p>Os aposentados brasileiros t\u00eam bons motivos para comemorar no dia destinado a eles. Medidas tomadas pelo Governo do Brasil no \u00faltimo ano beneficiaram diretamente essa parcela da popula\u00e7\u00e3o. Uma delas foi o reconhecimento autom\u00e1tico da aposentadoria por idade. A outra, a mudan\u00e7a nas regras para os saques do PIS e Pasep, que ampliou a quantidade [&hellip;]<\/p>\n","protected":false},"author":96,"featured_media":90487,"comment_status":"closed","ping_status":"closed","sticky":false,"template":"","format":"standard","meta":{"footnotes":""},"categories":[261],"tags":[],"class_list":["post-90488","post","type-post","status-publish","format-standard","has-post-thumbnail","hentry","category-economia"],"_links":{"self":[{"href":"https:\/\/diarioregionaldigital.com.br\/index.php?rest_route=\/wp\/v2\/posts\/90488","targetHints":{"allow":["GET"]}}],"collection":[{"href":"https:\/\/diarioregionaldigital.com.br\/index.php?rest_route=\/wp\/v2\/posts"}],"about":[{"href":"https:\/\/diarioregionaldigital.com.br\/index.php?rest_route=\/wp\/v2\/types\/post"}],"author":[{"embeddable":true,"href":"https:\/\/diarioregionaldigital.com.br\/index.php?rest_route=\/wp\/v2\/users\/96"}],"replies":[{"embeddable":true,"href":"https:\/\/diarioregionaldigital.com.br\/index.php?rest_route=%2Fwp%2Fv2%2Fcomments&post=90488"}],"version-history":[{"count":0,"href":"https:\/\/diarioregionaldigital.com.br\/index.php?rest_route=\/wp\/v2\/posts\/90488\/revisions"}],"wp:featuredmedia":[{"embeddable":true,"href":"https:\/\/diarioregionaldigital.com.br\/index.php?rest_route=\/wp\/v2\/media\/90487"}],"wp:attachment":[{"href":"https:\/\/diarioregionaldigital.com.br\/index.php?rest_route=%2Fwp%2Fv2%2Fmedia&parent=90488"}],"wp:term":[{"taxonomy":"category","embeddable":true,"href":"https:\/\/diarioregionaldigital.com.br\/index.php?rest_route=%2Fwp%2Fv2%2Fcategories&post=90488"},{"taxonomy":"post_tag","embeddable":true,"href":"https:\/\/diarioregionaldigital.com.br\/index.php?rest_route=%2Fwp%2Fv2%2Ftags&post=90488"}],"curies":[{"name":"wp","href":"https:\/\/api.w.org\/{rel}","templated":true}]}}