{"id":90486,"date":"2018-01-25T21:57:18","date_gmt":"2018-01-25T23:57:18","guid":{"rendered":"http:\/\/diarioregionaljf.com.br\/2018\/01\/25\/dois-casos-suspeitos-de-febre-amarela-sao-investigados-em-muriae\/"},"modified":"2018-01-25T21:57:18","modified_gmt":"2018-01-25T23:57:18","slug":"dois-casos-suspeitos-de-febre-amarela-sao-investigados-em-muriae","status":"publish","type":"post","link":"https:\/\/diarioregionaldigital.com.br\/?p=90486","title":{"rendered":"Dois casos suspeitos de febre amarela s\u00e3o investigados em Muria\u00e9"},"content":{"rendered":"<p>De acordo com informa\u00e7\u00f5es publicadas no site da Prefeitura Municipal de Muria\u00e9 (a cerca de 158 Km de Juiz de Fora), duas pessoas &#8211; um homem de 34 anos e uma mulher de 79 anos &#8211; est\u00e3o internadas no Hospital S\u00e3o Paulo com suspeita de febre amarela. O paciente \u00e9 do Distrito Federal e est\u00e1 a passeio em Bar\u00e3o do Monte Alto desde o dia 22 de dezembro. J\u00e1 a senhora de 79 anos \u00e9 moradora do bairro Safira, por\u00e9m, em 19 de dezembro, viajou para Vit\u00f3ria (ES), permanecendo naquele estado por dez dias.<\/p>\n<p>Ainda conforme informa\u00e7\u00f5es da Prefeitura, foi colhido material dos pacientes, o qual foi enviado para an\u00e1lise na Funda\u00e7\u00e3o Ezequiel Dias, em Belo Horizonte, nesta quinta-feira, 25. O resultado est\u00e1 previsto para ser divulgado em dez dias, dependendo da demanda do laborat\u00f3rio.<\/p>\n<p>O secret\u00e1rio Municipal de Sa\u00fade, Paulo C\u00e9sar de Oliveira, ressalta que os pacientes est\u00e3o recebendo todo o suporte necess\u00e1rio e que trata-se de casos suspeitos da doen\u00e7a, n\u00e3o havendo motivo para p\u00e2nico.<\/p>\n","protected":false},"excerpt":{"rendered":"<p>De acordo com informa\u00e7\u00f5es publicadas no site da Prefeitura Municipal de Muria\u00e9 (a cerca de 158 Km de Juiz de Fora), duas pessoas &#8211; um homem de 34 anos e uma mulher de 79 anos &#8211; est\u00e3o internadas no Hospital S\u00e3o Paulo com suspeita de febre amarela. O paciente \u00e9 do Distrito Federal e est\u00e1 [&hellip;]<\/p>\n","protected":false},"author":96,"featured_media":90485,"comment_status":"closed","ping_status":"closed","sticky":false,"template":"","format":"standard","meta":{"footnotes":""},"categories":[252],"tags":[],"class_list":["post-90486","post","type-post","status-publish","format-standard","has-post-thumbnail","hentry","category-regiao"],"_links":{"self":[{"href":"https:\/\/diarioregionaldigital.com.br\/index.php?rest_route=\/wp\/v2\/posts\/90486","targetHints":{"allow":["GET"]}}],"collection":[{"href":"https:\/\/diarioregionaldigital.com.br\/index.php?rest_route=\/wp\/v2\/posts"}],"about":[{"href":"https:\/\/diarioregionaldigital.com.br\/index.php?rest_route=\/wp\/v2\/types\/post"}],"author":[{"embeddable":true,"href":"https:\/\/diarioregionaldigital.com.br\/index.php?rest_route=\/wp\/v2\/users\/96"}],"replies":[{"embeddable":true,"href":"https:\/\/diarioregionaldigital.com.br\/index.php?rest_route=%2Fwp%2Fv2%2Fcomments&post=90486"}],"version-history":[{"count":0,"href":"https:\/\/diarioregionaldigital.com.br\/index.php?rest_route=\/wp\/v2\/posts\/90486\/revisions"}],"wp:featuredmedia":[{"embeddable":true,"href":"https:\/\/diarioregionaldigital.com.br\/index.php?rest_route=\/wp\/v2\/media\/90485"}],"wp:attachment":[{"href":"https:\/\/diarioregionaldigital.com.br\/index.php?rest_route=%2Fwp%2Fv2%2Fmedia&parent=90486"}],"wp:term":[{"taxonomy":"category","embeddable":true,"href":"https:\/\/diarioregionaldigital.com.br\/index.php?rest_route=%2Fwp%2Fv2%2Fcategories&post=90486"},{"taxonomy":"post_tag","embeddable":true,"href":"https:\/\/diarioregionaldigital.com.br\/index.php?rest_route=%2Fwp%2Fv2%2Ftags&post=90486"}],"curies":[{"name":"wp","href":"https:\/\/api.w.org\/{rel}","templated":true}]}}