{"id":90484,"date":"2018-01-25T21:48:49","date_gmt":"2018-01-25T23:48:49","guid":{"rendered":"http:\/\/diarioregionaljf.com.br\/2018\/01\/25\/jovem-e-morto-a-tiros-em-cachoeira-de-miradouro\/"},"modified":"2018-01-25T21:48:49","modified_gmt":"2018-01-25T23:48:49","slug":"jovem-e-morto-a-tiros-em-cachoeira-de-miradouro","status":"publish","type":"post","link":"https:\/\/diarioregionaldigital.com.br\/?p=90484","title":{"rendered":"Jovem \u00e9 morto a tiros em cachoeira de Miradouro"},"content":{"rendered":"<p>Um jovem foi assassinado a tiros na tarde desta quinta-feira, 25, em uma cachoeira no munic\u00edpio de Miradouro (aproximadamente 190 Km de JF). Nenhum suspeito foi localizado at\u00e9 o momento.<\/p>\n<p>De acordo com informa\u00e7\u00f5es da Pol\u00edcia Militar (PM) daquele munic\u00edpio, tr\u00eas jovens estariam na cachoeira quando um quarto indiv\u00edduo chegou no local e fefetuou os disparos. Os outros dois conseguiram fugir, j\u00e1 a v\u00edtima morreu no local.<\/p>\n<p>Ainda de acordo com a PM, c\u00e1psulas calibre 22 foram encontradas no local do crime.<\/p>\n<p>A per\u00edcia da Pol\u00edcia Civil(PC) foi acionada e far\u00e1 um levantamento da cena do crime para que seja apurado a causa e as circunst\u00e2ncias do ocorrido.<\/p>\n<p>A PM realiza rastreamento \u00e0 procura do suspeito.<\/p>\n<p>&nbsp;<\/p>\n<p>Fonte: R\u00e1dio Muria\u00e9<\/p>\n","protected":false},"excerpt":{"rendered":"<p>Um jovem foi assassinado a tiros na tarde desta quinta-feira, 25, em uma cachoeira no munic\u00edpio de Miradouro (aproximadamente 190 Km de JF). Nenhum suspeito foi localizado at\u00e9 o momento. De acordo com informa\u00e7\u00f5es da Pol\u00edcia Militar (PM) daquele munic\u00edpio, tr\u00eas jovens estariam na cachoeira quando um quarto indiv\u00edduo chegou no local e fefetuou os [&hellip;]<\/p>\n","protected":false},"author":96,"featured_media":90483,"comment_status":"closed","ping_status":"closed","sticky":false,"template":"","format":"standard","meta":{"footnotes":""},"categories":[252],"tags":[],"class_list":["post-90484","post","type-post","status-publish","format-standard","has-post-thumbnail","hentry","category-regiao"],"_links":{"self":[{"href":"https:\/\/diarioregionaldigital.com.br\/index.php?rest_route=\/wp\/v2\/posts\/90484","targetHints":{"allow":["GET"]}}],"collection":[{"href":"https:\/\/diarioregionaldigital.com.br\/index.php?rest_route=\/wp\/v2\/posts"}],"about":[{"href":"https:\/\/diarioregionaldigital.com.br\/index.php?rest_route=\/wp\/v2\/types\/post"}],"author":[{"embeddable":true,"href":"https:\/\/diarioregionaldigital.com.br\/index.php?rest_route=\/wp\/v2\/users\/96"}],"replies":[{"embeddable":true,"href":"https:\/\/diarioregionaldigital.com.br\/index.php?rest_route=%2Fwp%2Fv2%2Fcomments&post=90484"}],"version-history":[{"count":0,"href":"https:\/\/diarioregionaldigital.com.br\/index.php?rest_route=\/wp\/v2\/posts\/90484\/revisions"}],"wp:featuredmedia":[{"embeddable":true,"href":"https:\/\/diarioregionaldigital.com.br\/index.php?rest_route=\/wp\/v2\/media\/90483"}],"wp:attachment":[{"href":"https:\/\/diarioregionaldigital.com.br\/index.php?rest_route=%2Fwp%2Fv2%2Fmedia&parent=90484"}],"wp:term":[{"taxonomy":"category","embeddable":true,"href":"https:\/\/diarioregionaldigital.com.br\/index.php?rest_route=%2Fwp%2Fv2%2Fcategories&post=90484"},{"taxonomy":"post_tag","embeddable":true,"href":"https:\/\/diarioregionaldigital.com.br\/index.php?rest_route=%2Fwp%2Fv2%2Ftags&post=90484"}],"curies":[{"name":"wp","href":"https:\/\/api.w.org\/{rel}","templated":true}]}}