{"id":90482,"date":"2018-01-25T21:44:07","date_gmt":"2018-01-25T23:44:07","guid":{"rendered":"http:\/\/diarioregionaljf.com.br\/2018\/01\/25\/duas-pessoas-ficam-feridas-em-acidente-entre-bicicleta-e-moto-na-br-356\/"},"modified":"2018-01-25T21:44:07","modified_gmt":"2018-01-25T23:44:07","slug":"duas-pessoas-ficam-feridas-em-acidente-entre-bicicleta-e-moto-na-br-356","status":"publish","type":"post","link":"https:\/\/diarioregionaldigital.com.br\/?p=90482","title":{"rendered":"Duas pessoas ficam feridas em acidente entre bicicleta e moto na BR-356"},"content":{"rendered":"<p>Um acidente envolvendo uma bicicleta e uma moto deixou duas pessoas feridas no final da manh\u00e3 desta quinta-feira, 25, na BR-356, em Muria\u00e9 (a aproximadamente 158 Km de JF). Ambas foram socorridas pelos Bombeiros e pelo SAMU.<\/p>\n<p>Conforme informa\u00e7\u00f5es apuradas no local do acidente, os dois ve\u00edculos seguiam pela rodovia em dire\u00e7\u00e3o ao distrito de Vermelho quando ocorreu o choque.<\/p>\n<p>Profissionais do SAMU e militares do Corpo de Bombeiros foram acionados, realizaram os primeiros socorros \u00e0s v\u00edtimas ainda no local do acidente e, em seguida, as encaminharam para o Hospital S\u00e3o Paulo, em Muria\u00e9.<\/p>\n<p>As causas do acidente ser\u00e3o apuradas pelas autoridades de tr\u00e2nsito.<\/p>\n<p>&nbsp;<\/p>\n<p>Fonte: R\u00e1dio Muria\u00e9<\/p>\n","protected":false},"excerpt":{"rendered":"<p>Um acidente envolvendo uma bicicleta e uma moto deixou duas pessoas feridas no final da manh\u00e3 desta quinta-feira, 25, na BR-356, em Muria\u00e9 (a aproximadamente 158 Km de JF). Ambas foram socorridas pelos Bombeiros e pelo SAMU. Conforme informa\u00e7\u00f5es apuradas no local do acidente, os dois ve\u00edculos seguiam pela rodovia em dire\u00e7\u00e3o ao distrito de [&hellip;]<\/p>\n","protected":false},"author":96,"featured_media":90481,"comment_status":"closed","ping_status":"closed","sticky":false,"template":"","format":"standard","meta":{"footnotes":""},"categories":[252],"tags":[],"class_list":["post-90482","post","type-post","status-publish","format-standard","has-post-thumbnail","hentry","category-regiao"],"_links":{"self":[{"href":"https:\/\/diarioregionaldigital.com.br\/index.php?rest_route=\/wp\/v2\/posts\/90482","targetHints":{"allow":["GET"]}}],"collection":[{"href":"https:\/\/diarioregionaldigital.com.br\/index.php?rest_route=\/wp\/v2\/posts"}],"about":[{"href":"https:\/\/diarioregionaldigital.com.br\/index.php?rest_route=\/wp\/v2\/types\/post"}],"author":[{"embeddable":true,"href":"https:\/\/diarioregionaldigital.com.br\/index.php?rest_route=\/wp\/v2\/users\/96"}],"replies":[{"embeddable":true,"href":"https:\/\/diarioregionaldigital.com.br\/index.php?rest_route=%2Fwp%2Fv2%2Fcomments&post=90482"}],"version-history":[{"count":0,"href":"https:\/\/diarioregionaldigital.com.br\/index.php?rest_route=\/wp\/v2\/posts\/90482\/revisions"}],"wp:featuredmedia":[{"embeddable":true,"href":"https:\/\/diarioregionaldigital.com.br\/index.php?rest_route=\/wp\/v2\/media\/90481"}],"wp:attachment":[{"href":"https:\/\/diarioregionaldigital.com.br\/index.php?rest_route=%2Fwp%2Fv2%2Fmedia&parent=90482"}],"wp:term":[{"taxonomy":"category","embeddable":true,"href":"https:\/\/diarioregionaldigital.com.br\/index.php?rest_route=%2Fwp%2Fv2%2Fcategories&post=90482"},{"taxonomy":"post_tag","embeddable":true,"href":"https:\/\/diarioregionaldigital.com.br\/index.php?rest_route=%2Fwp%2Fv2%2Ftags&post=90482"}],"curies":[{"name":"wp","href":"https:\/\/api.w.org\/{rel}","templated":true}]}}