{"id":90480,"date":"2018-01-25T21:42:30","date_gmt":"2018-01-25T23:42:30","guid":{"rendered":"http:\/\/diarioregionaljf.com.br\/2018\/01\/25\/especialista-da-dicas-para-se-proteger-no-periodo-de-tempestades-com-raios-e-relampagos\/"},"modified":"2018-01-25T21:42:30","modified_gmt":"2018-01-25T23:42:30","slug":"especialista-da-dicas-para-se-proteger-no-periodo-de-tempestades-com-raios-e-relampagos","status":"publish","type":"post","link":"https:\/\/diarioregionaldigital.com.br\/?p=90480","title":{"rendered":"Especialista d\u00e1 dicas para se proteger no per\u00edodo de tempestades com raios e rel\u00e2mpagos"},"content":{"rendered":"<p>Com a chegada do ver\u00e3o e das altas temperaturas, \u00e9 comum que as fortes chuvas atinjam regi\u00f5es. Naturalmente, a incid\u00eancia de raios e rel\u00e2mpagos nesses per\u00edodos \u00e9 ainda maior. Mas voc\u00ea sabe como se proteger? Seguindo os velhos costumes, algumas pessoas n\u00e3o atendem ao telefone celular, n\u00e3o ficam descal\u00e7os ou sem camisas, e tem at\u00e9 aqueles que cobrem o espelho com algum tecido, acreditando que o objeto ir\u00e1 atrair os raios para dentro de casa.<\/p>\n<p>Obedecendo ao que sua m\u00e3e recomendava, a aposentada Em\u00edlia Maria Machado caracteriza o h\u00e1bito como um sinal de respeito \u00e0 natureza. \u201cSempre me lembro das coisas que minha m\u00e3e falava. Ela dizia assim: \u2018Olha, se estiver relampeando n\u00e3o fique debaixo de \u00e1rvores, cubra o espelho com um pano, pois ele pode atrair os raios. Desligue os aparelhos eletroeletr\u00f4nicos da casa, e nunca deixe ningu\u00e9m ficar sem camisa, pois isso \u00e9 um desrespeito \u00e0 natureza\u2019. At\u00e9 hoje sigo essas orienta\u00e7\u00f5es\u201d, conta.<\/p>\n<p>Mas afinal, o que \u00e9 recomendado? Para isso, o engenheiro de Seguran\u00e7a do Trabalho da Companhia Energ\u00e9tica de Minas Gerais (Cemig), Luciano Ferraz deu dicas do que fazer e o que evitar nessas situa\u00e7\u00f5es.<\/p>\n<p>LONGE DE CASA<\/p>\n<p>De acordo com Ferraz, na hip\u00f3tese de estar em ambiente externo, evite se aproximar de piscinas, praias, pontos altos como a cobertura de edif\u00edcios e das \u00e1rvores. \u201cEsses objetos s\u00e3o prop\u00edcios para a queda da descarga el\u00e9trica\u201d, diz.<\/p>\n<p>DENTRO DO VE\u00cdCULO<\/p>\n<p>O especialista refor\u00e7a que o interior do ve\u00edculo, em tese, \u00e9 um local seguro. \u201cO que se deve fazer \u00e9 permanecer dentro do carro com as portas e vidros fechados at\u00e9 que as descargas el\u00e9tricas parem de cair. O ve\u00edculo se torna uma gaiola e protege a pessoa que est\u00e1 em seu interior, desde que ela n\u00e3o tenha contato com a parte met\u00e1lica e n\u00e3o saia dele\u201d, lembra.<\/p>\n<p>DENTRO DE CASA<\/p>\n<p>Para quem est\u00e1 dentro de casa no momento da tempestade, a recomenda\u00e7\u00e3o \u00e9 n\u00e3o utilizar alguns equipamentos dom\u00e9sticos ou aparelhos telef\u00f4nicos com fio. \u201cO ideal \u00e9 desligar os aparelhos eletrodom\u00e9sticos da tomada. Se for preciso, utilizar um celular que n\u00e3o esteja conectado \u00e0 rede el\u00e9trica ou fixo, desde que seja sem fio. As fortes chuvas tamb\u00e9m costumam desregular antenas de teve, e n\u00e3o se deve subir em telhados para concert\u00e1-las\u201d, refor\u00e7a Ferraz. \u201cNo caso de um fio que se rompa, uma \u00e1rvore ou placa de estabelecimento que caia sobre a rede el\u00e9trica, em hip\u00f3tese alguma deve se retirar o objeto ou se aproximar. \u00c9 importante isolar a \u00e1rea de pessoas, crian\u00e7as e animais e ligar para a Cemig, para que a equipe remova o item com seguran\u00e7a\u201d, acrescenta.<\/p>\n<p>REEMBOLSO?<\/p>\n<p>Durante as chuvas, as descargas el\u00e9tricas podem provocar interrup\u00e7\u00f5es na rede de energia. Em raz\u00e3o disso, aparelhos eletr\u00f4nicos podem sofrer danos. Mas, em alguns casos, Ferraz reitera que \u00e9 poss\u00edvel pedir o ressarcimento \u00e0s companhias el\u00e9tricas, se for comprovado que dano foi causado por um problema na rede el\u00e9trica. \u201cPara o cliente ter direito a esse benef\u00edcio, assim que for constatada a queima do aparelho, ele deve se deslocar at\u00e9 uma agencia da Cemig ou ligar para o telefone 116, onde ele ser\u00e1 orientado\u201d. O consumidor tamb\u00e9m pode comprar a prote\u00e7\u00e3o para baixa tens\u00e3o, que visa reduzir os riscos dentro da edifica\u00e7\u00e3o. Basta solicitar junto \u00e0 companhia.<\/p>\n<p>ESPELHOS ATRAEM RAIOS?<\/p>\n<p>\u00c9 um mito antigo, que tem origem no fato de o raio produzir uma luz forte que, refletindo-se no espelho, parece ter vindo dele. Ficar pr\u00f3ximo ou de frente para o espelho n\u00e3o atrai raios.<\/p>\n<p>TOMAR BANHO DURANTE O TEMPORAL?<\/p>\n<p>Evite tomar banhos com chuveiros el\u00e9tricos durante uma tempestade. Um raio pode atingir o fio e conduzir a eletricidade.<\/p>\n","protected":false},"excerpt":{"rendered":"<p>Com a chegada do ver\u00e3o e das altas temperaturas, \u00e9 comum que as fortes chuvas atinjam regi\u00f5es. Naturalmente, a incid\u00eancia de raios e rel\u00e2mpagos nesses per\u00edodos \u00e9 ainda maior. Mas voc\u00ea sabe como se proteger? Seguindo os velhos costumes, algumas pessoas n\u00e3o atendem ao telefone celular, n\u00e3o ficam descal\u00e7os ou sem camisas, e tem at\u00e9 [&hellip;]<\/p>\n","protected":false},"author":96,"featured_media":0,"comment_status":"closed","ping_status":"closed","sticky":false,"template":"","format":"standard","meta":{"footnotes":""},"categories":[253],"tags":[],"class_list":["post-90480","post","type-post","status-publish","format-standard","hentry","category-cidade"],"_links":{"self":[{"href":"https:\/\/diarioregionaldigital.com.br\/index.php?rest_route=\/wp\/v2\/posts\/90480","targetHints":{"allow":["GET"]}}],"collection":[{"href":"https:\/\/diarioregionaldigital.com.br\/index.php?rest_route=\/wp\/v2\/posts"}],"about":[{"href":"https:\/\/diarioregionaldigital.com.br\/index.php?rest_route=\/wp\/v2\/types\/post"}],"author":[{"embeddable":true,"href":"https:\/\/diarioregionaldigital.com.br\/index.php?rest_route=\/wp\/v2\/users\/96"}],"replies":[{"embeddable":true,"href":"https:\/\/diarioregionaldigital.com.br\/index.php?rest_route=%2Fwp%2Fv2%2Fcomments&post=90480"}],"version-history":[{"count":0,"href":"https:\/\/diarioregionaldigital.com.br\/index.php?rest_route=\/wp\/v2\/posts\/90480\/revisions"}],"wp:attachment":[{"href":"https:\/\/diarioregionaldigital.com.br\/index.php?rest_route=%2Fwp%2Fv2%2Fmedia&parent=90480"}],"wp:term":[{"taxonomy":"category","embeddable":true,"href":"https:\/\/diarioregionaldigital.com.br\/index.php?rest_route=%2Fwp%2Fv2%2Fcategories&post=90480"},{"taxonomy":"post_tag","embeddable":true,"href":"https:\/\/diarioregionaldigital.com.br\/index.php?rest_route=%2Fwp%2Fv2%2Ftags&post=90480"}],"curies":[{"name":"wp","href":"https:\/\/api.w.org\/{rel}","templated":true}]}}