{"id":90479,"date":"2018-01-25T21:38:42","date_gmt":"2018-01-25T23:38:42","guid":{"rendered":"http:\/\/diarioregionaljf.com.br\/2018\/01\/25\/natuzzi-editions-juizdefora-lancamento\/"},"modified":"2018-01-25T21:38:42","modified_gmt":"2018-01-25T23:38:42","slug":"natuzzi-editions-juizdefora-lancamento","status":"publish","type":"post","link":"https:\/\/diarioregionaldigital.com.br\/?p=90479","title":{"rendered":"Natuzzi \u2013 Editions \u2013 inaugura\u00e7\u00e3o oficial da franquia de m\u00f3veis em couro da marca italiana Natuzzi"},"content":{"rendered":"<p style=\"text-align: center;\"><span class=\"h4\">Bloco da Arteria<\/span><br \/>Neste s\u00e1bado, 27 de janeiro, o Bloco Arteria vai despejar alto astral na Pra\u00e7a Presidente Kennedy, em S\u00e3o Mateus. O evento acontece dentro do \u201cCorredor da Folia\u201d promovido pela Funalfa\/PJF. Com apoio do Mr. Tugas e da Cacha\u00e7a Dom Br\u00e9, o bloco vai resgatar a tradi\u00e7\u00e3o carnavalesca dos blocos de rua, embalados pelas marchinhas, frevos e sambas. A partir das 14h, at\u00e9 as 21h, tem atividades voltadas para o p\u00fablico infantil, Projeto Cirandarte, Guerreiras de Clara e Capivara Endiabrada, Discotecagem de Vinil com Gabriel Lima Monteiro e Bruno Tuler Perrone.<\/p>\n<p style=\"text-align: center;\"><span class=\"h4\">Carnaval JF \/ 2018<\/span><br \/>Muita gente est\u00e1 no maior choror\u00f4 com o n\u00e3o realiza\u00e7\u00e3o dos desfiles das escolas de samba em Juiz de Fora. Mas, mesmo sem os desfiles, o rei momo Eduardo Rodrigues e a rainha Gracyele Rocha prometem comparecer nos eventos carnavalescos, ao lado da princesa Deysi Alves.<\/p>\n<p style=\"text-align: center;\"><span class=\"h4\">Audiovisual<\/span><br \/>O ator Babu Santana foi o homenageado da Mostra de Cinema de Tiradentes. Com 31 atua\u00e7\u00f5es no cinema e 32 na TV, ele \u00e9 talentoso e se destaca em pap\u00e9is estereotipados, subvertendo pap\u00e9is pequenos, em oportunidades. Palmas para ele.<\/p>\n<p style=\"text-align: center;\"><span class=\"h4\">Carnaval 2018<\/span><br \/>Com ensaios abertos na Rua Moraes e Castro, o bloco caricato Dom\u00e9sticas de Luxo, est\u00e1 com a montagem acelerada do figurino para a folia de momo. O presidente Od\u00e9rio Filho aposta muita anima\u00e7\u00e3o no desfile de 3 de fevereiro, quando comemora 60 anos de irrever\u00eancia.<\/p>\n<p style=\"text-align: center;\"><span class=\"h4\">Homenagem<\/span><br \/>Digno de todos os elogios, o deputado Isauro Calais foi um dos homenageados com a \u201cComenda Tiradentes 300 anos\u201d, em festa concorrida na comemora\u00e7\u00e3o do tricenten\u00e1rio da cidade hist\u00f3rica, na Pra\u00e7a C\u00edvica Largo do Sol.&nbsp;<\/p>\n<p style=\"text-align: center;\"><span class=\"h4\">Bailinho<\/span><br \/>De Belo Horizonte chega convite para o bloquinho Circo Marimbondo e a bateria infantil dos Baianos Ozadas para a s\u00e9tima edi\u00e7\u00e3o do bailinho de carnaval do Boulevard Shopping, para a crian\u00e7ada. Marcada para 28 de janeiro a 4 de fevereiro, a partir das 15h30, no BeGreen Boulevard. Merci.<\/p>\n<p style=\"text-align: center;\"><span class=\"h3\">Natuzzi \u2013 Editions<\/span><br \/>Repercutindo na sociedade de Juiz de Fora, a inaugura\u00e7\u00e3o oficial da franquia de m\u00f3veis em couro da marca italiana Natuzzi &#8211; Editions, no Spazio Design. Uma noite elegante, reunindo nomes de express\u00e3o da cidade e regi\u00e3o. Marc\u00edlio Gomes fotografou os grupos de A a Z para esta coluna. Confiram.<\/p>\n<p style=\"text-align: center;\"><img decoding=\"async\" class=\" size-full wp-image-90468\" src=\"http:\/\/diarioregionaljf.com.br\/wp-content\/uploads\/2018\/01\/diario-int-23513-1.JPG\" alt=\"fotoa.JPG\" width=\"680\" style=\"display: block; margin-left: auto; margin-right: auto;\" srcset=\"https:\/\/diarioregionaldigital.com.br\/wp-content\/uploads\/2018\/01\/diario-int-23513-1.JPG 680w, https:\/\/diarioregionaldigital.com.br\/wp-content\/uploads\/2018\/01\/diario-int-23513-1-300x199.jpg 300w, https:\/\/diarioregionaldigital.com.br\/wp-content\/uploads\/2018\/01\/diario-int-23513-1-360x238.jpg 360w\" sizes=\"(max-width: 680px) 100vw, 680px\" \/>Rodrigo Motta, Fl\u00e1via Mota, Marcelo Goyat\u00e1 Filho e Tomaz Germini<\/p>\n<p style=\"text-align: center;\"><img decoding=\"async\" class=\" size-full wp-image-90469\" src=\"http:\/\/diarioregionaljf.com.br\/wp-content\/uploads\/2018\/01\/diario-int-23513-2.jpg\" alt=\"fotob.jpg\" width=\"680\" style=\"display: block; margin-left: auto; margin-right: auto;\" srcset=\"https:\/\/diarioregionaldigital.com.br\/wp-content\/uploads\/2018\/01\/diario-int-23513-2.jpg 680w, https:\/\/diarioregionaldigital.com.br\/wp-content\/uploads\/2018\/01\/diario-int-23513-2-300x174.jpg 300w, https:\/\/diarioregionaldigital.com.br\/wp-content\/uploads\/2018\/01\/diario-int-23513-2-250x145.jpg 250w, https:\/\/diarioregionaldigital.com.br\/wp-content\/uploads\/2018\/01\/diario-int-23513-2-360x209.jpg 360w\" sizes=\"(max-width: 680px) 100vw, 680px\" \/>Eduardo Gomes, Rodrigo Bissoli e Marc\u00edlio Gomes<\/p>\n<p style=\"text-align: center;\"><img decoding=\"async\" class=\" size-full wp-image-90470\" src=\"http:\/\/diarioregionaljf.com.br\/wp-content\/uploads\/2018\/01\/diario-int-23513-3.JPG\" alt=\"fotoc.JPG\" width=\"680\" style=\"display: block; margin-left: auto; margin-right: auto;\" srcset=\"https:\/\/diarioregionaldigital.com.br\/wp-content\/uploads\/2018\/01\/diario-int-23513-3.JPG 680w, https:\/\/diarioregionaldigital.com.br\/wp-content\/uploads\/2018\/01\/diario-int-23513-3-300x199.jpg 300w, https:\/\/diarioregionaldigital.com.br\/wp-content\/uploads\/2018\/01\/diario-int-23513-3-360x238.jpg 360w\" sizes=\"(max-width: 680px) 100vw, 680px\" \/>Os Goyat\u00e1: Marcelo Filho, Russa e Marcelo<\/p>\n<p style=\"text-align: center;\"><img decoding=\"async\" class=\" size-full wp-image-90471\" src=\"http:\/\/diarioregionaljf.com.br\/wp-content\/uploads\/2018\/01\/diario-int-23513-4.JPG\" alt=\"fotod.JPG\" width=\"680\" style=\"display: block; margin-left: auto; margin-right: auto;\" srcset=\"https:\/\/diarioregionaldigital.com.br\/wp-content\/uploads\/2018\/01\/diario-int-23513-4.JPG 680w, https:\/\/diarioregionaldigital.com.br\/wp-content\/uploads\/2018\/01\/diario-int-23513-4-300x199.jpg 300w, https:\/\/diarioregionaldigital.com.br\/wp-content\/uploads\/2018\/01\/diario-int-23513-4-360x238.jpg 360w\" sizes=\"(max-width: 680px) 100vw, 680px\" \/>Cl\u00e1udio Di Paulo, Alex Martins e Rodrigo Motta<\/p>\n<p style=\"text-align: center;\"><img decoding=\"async\" class=\" size-full wp-image-90472\" src=\"http:\/\/diarioregionaljf.com.br\/wp-content\/uploads\/2018\/01\/diario-int-23513-5.jpg\" alt=\"fotoe.jpg\" width=\"680\" style=\"display: block; margin-left: auto; margin-right: auto;\" srcset=\"https:\/\/diarioregionaldigital.com.br\/wp-content\/uploads\/2018\/01\/diario-int-23513-5.jpg 680w, https:\/\/diarioregionaldigital.com.br\/wp-content\/uploads\/2018\/01\/diario-int-23513-5-300x199.jpg 300w, https:\/\/diarioregionaldigital.com.br\/wp-content\/uploads\/2018\/01\/diario-int-23513-5-360x238.jpg 360w\" sizes=\"(max-width: 680px) 100vw, 680px\" \/>Andr\u00e9a Gerhein e Luiz Duque<\/p>\n<p style=\"text-align: center;\"><img decoding=\"async\" class=\" size-full wp-image-90473\" src=\"http:\/\/diarioregionaljf.com.br\/wp-content\/uploads\/2018\/01\/diario-int-23513-6.JPG\" alt=\"fotof.JPG\" width=\"680\" style=\"display: block; margin-left: auto; margin-right: auto;\" srcset=\"https:\/\/diarioregionaldigital.com.br\/wp-content\/uploads\/2018\/01\/diario-int-23513-6.JPG 680w, https:\/\/diarioregionaldigital.com.br\/wp-content\/uploads\/2018\/01\/diario-int-23513-6-300x199.jpg 300w, https:\/\/diarioregionaldigital.com.br\/wp-content\/uploads\/2018\/01\/diario-int-23513-6-360x238.jpg 360w\" sizes=\"(max-width: 680px) 100vw, 680px\" \/>Flora Candian, Ant\u00f4nio Colchete e Mariane Unanue<\/p>\n<p style=\"text-align: center;\"><img decoding=\"async\" class=\" size-full wp-image-90474\" src=\"http:\/\/diarioregionaljf.com.br\/wp-content\/uploads\/2018\/01\/diario-int-23513-7.JPG\" alt=\"fotog.JPG\" width=\"680\" style=\"display: block; margin-left: auto; margin-right: auto;\" srcset=\"https:\/\/diarioregionaldigital.com.br\/wp-content\/uploads\/2018\/01\/diario-int-23513-7.JPG 680w, https:\/\/diarioregionaldigital.com.br\/wp-content\/uploads\/2018\/01\/diario-int-23513-7-300x199.jpg 300w, https:\/\/diarioregionaldigital.com.br\/wp-content\/uploads\/2018\/01\/diario-int-23513-7-360x238.jpg 360w\" sizes=\"(max-width: 680px) 100vw, 680px\" \/>Os m\u00fasicos de Barbacena, Wellington, Luma e Tiago<\/p>\n<p style=\"text-align: center;\"><img decoding=\"async\" class=\" size-full wp-image-90475\" src=\"http:\/\/diarioregionaljf.com.br\/wp-content\/uploads\/2018\/01\/diario-int-23513-8.JPG\" alt=\"fotoh.JPG\" width=\"680\" style=\"display: block; margin-left: auto; margin-right: auto;\" srcset=\"https:\/\/diarioregionaldigital.com.br\/wp-content\/uploads\/2018\/01\/diario-int-23513-8.JPG 680w, https:\/\/diarioregionaldigital.com.br\/wp-content\/uploads\/2018\/01\/diario-int-23513-8-300x199.jpg 300w, https:\/\/diarioregionaldigital.com.br\/wp-content\/uploads\/2018\/01\/diario-int-23513-8-360x238.jpg 360w\" sizes=\"(max-width: 680px) 100vw, 680px\" \/>Ariane Vieira, Aline Vanelli, Luiz Duque, Sumaya Vilas Boas, Rodrigo Motta e Rodrigo Bissoli<\/p>\n<p style=\"text-align: center;\"><img decoding=\"async\" class=\" size-full wp-image-90476\" src=\"http:\/\/diarioregionaljf.com.br\/wp-content\/uploads\/2018\/01\/diario-int-23513-9.JPG\" alt=\"fotoi.JPG\" width=\"680\" style=\"display: block; margin-left: auto; margin-right: auto;\" srcset=\"https:\/\/diarioregionaldigital.com.br\/wp-content\/uploads\/2018\/01\/diario-int-23513-9.JPG 680w, https:\/\/diarioregionaldigital.com.br\/wp-content\/uploads\/2018\/01\/diario-int-23513-9-300x199.jpg 300w, https:\/\/diarioregionaldigital.com.br\/wp-content\/uploads\/2018\/01\/diario-int-23513-9-360x238.jpg 360w\" sizes=\"(max-width: 680px) 100vw, 680px\" \/>Jan\u00e9rcia Alves, Giulia Alves, Rodrigo Motta, Bruna Fahart e Ruan Bastos<\/p>\n<p style=\"text-align: center;\"><img decoding=\"async\" class=\" size-full wp-image-90477\" src=\"http:\/\/diarioregionaljf.com.br\/wp-content\/uploads\/2018\/01\/diario-int-23513-10.jpg\" alt=\"fotoj.jpg\" width=\"680\" style=\"display: block; margin-left: auto; margin-right: auto;\" srcset=\"https:\/\/diarioregionaldigital.com.br\/wp-content\/uploads\/2018\/01\/diario-int-23513-10.jpg 680w, https:\/\/diarioregionaldigital.com.br\/wp-content\/uploads\/2018\/01\/diario-int-23513-10-300x169.jpg 300w, https:\/\/diarioregionaldigital.com.br\/wp-content\/uploads\/2018\/01\/diario-int-23513-10-360x203.jpg 360w\" sizes=\"(max-width: 680px) 100vw, 680px\" \/>Os irm\u00e3os colunistas, Marc\u00edlio Gomes e Eduardo Gomes<\/p>\n<p style=\"text-align: center;\"><img decoding=\"async\" class=\" size-full wp-image-90478\" src=\"http:\/\/diarioregionaljf.com.br\/wp-content\/uploads\/2018\/01\/diario-int-23513-11.JPG\" alt=\"fotol.JPG\" width=\"680\" style=\"display: block; margin-left: auto; margin-right: auto;\" srcset=\"https:\/\/diarioregionaldigital.com.br\/wp-content\/uploads\/2018\/01\/diario-int-23513-11.JPG 680w, https:\/\/diarioregionaldigital.com.br\/wp-content\/uploads\/2018\/01\/diario-int-23513-11-300x199.jpg 300w, https:\/\/diarioregionaldigital.com.br\/wp-content\/uploads\/2018\/01\/diario-int-23513-11-360x238.jpg 360w\" sizes=\"(max-width: 680px) 100vw, 680px\" \/>Rafael Fajardo, Maria Clara Lopes e Rodrigo Motta<\/p>\n<p class=\"h4\" style=\"text-align: center;\">FOTOSS\u00cdNTESE<\/p>\n<p>A Escadaria do Samba, hoje, de 15h \u00e0s 22h, vai estremecer com as atra\u00e7\u00f5es reunindo Ney Gerald, Mestre Jansen e a bomb\u00e1stica Sandra Portella, dentre outros.<\/p>\n<p>Parab\u00e9ns para a garotada do Flamengo, campe\u00e3o da copinha, derrotando o S\u00e3o Paulo, com o est\u00e1dio do Morumbi lotado.<\/p>\n<p>Atualmente morando nos Estados Unidos, o juiz-forano Douglas Freguglia chega na cidade para passar suas f\u00e9rias. Tradicionalmente promove a sua Festa dos Amigos que ser\u00e1 dia 3 de fevereiro, \u00e0s 22h, na Estrada Ribeir\u00e3o das Rosas, n\u00ba 505, em Barbosa Lage. (Ranch\u00e3o).<\/p>\n<p>J\u00e1 est\u00e1 na fita o novo card\u00e1pio do Restaurante Capit\u00e3o Arnaldo. O \u2018Chef\u2019 Thiago Caiafa coloca na mesa, confit de canard e cordeiro com musseline de baroa trufada, entre outros pratos.<\/p>\n<p>Din\u00e2mico e atuante, o professor Carlos Henrique Paix\u00e3o curtiu merecidas f\u00e9rias com sua fam\u00edlia, no Chile.<\/p>\n<p>Tacio Amorim reuniu os amigos para cervejada no Bar Nu Grau Dubai, abrindo o carnaval com o Bloco dos Tigr\u00f5es.<\/p>\n<p>Vai ter grito de carnaval no Clube Cascatinha. A diretoria avisa que no domingo do reinado de momo vai ter o baile \u00e0 fantasia \u201cCascafolia dos Malandros\u201d, no Sal\u00e3o Cristal. Para animar os foli\u00f5es, a Banda Daki.<br \/>Com deslumbrante decora\u00e7\u00e3o de Toninho Aleixo e servi\u00e7o 5 estrelas do F\u00e1tima Buffet, acontece neste s\u00e1bado, 27, a festa de formatura de medicina da Suprema. No palco, a funkeira Anitta dar\u00e1 o tom malandramente.<\/p>\n<p>Jos\u00e9 Carlos Branco, diretor geral da Riale Hot\u00e9is, no Rio, avisa que no dia 3 de fevereiro, no Brisa Barra, na praia da Barra da Tijuca, acontece o baile pr\u00e9-carnavalesco \u201cBacalhau do Pav\u00e3o\u201d, com apresenta\u00e7\u00e3o da Unidos da Tijuca e da banda Swing Carioca. Merci pelo convite.<\/p>\n<p>O ritmista juiz-forano Alex Trovato Esterci (Al\u00f4 Santa Luzia), assina a camisa da bateria da Mangueira, que tem a rainha Evelyn Bastos, em destaque verde e rosa.<\/p>\n<p>No domingo, \u00e0s 13h, vai bombar no Bar do L\u00e9o, o bloco Nega Maria da cantora Sandra Portella. Presen\u00e7a deste colunista que \u00e9 padrinho da cantora. Camisas na Loja Z\u00e9 Kodak.<\/p>\n<p>O deslumbrante concurso de Rainha e Musa do Carnaval de Juiz de Fora ser\u00e1 realizado no s\u00e1bado, 27, \u00e0s 20h, no MHall. Vai bombar.<\/p>\n<p>Para finalizar: Segundo o publicit\u00e1rio da Ag\u00eancia Rep\u00fablica Marcos Vilas Boas \u201cGanhar pr\u00eamio pode at\u00e9 massagear egos, mas o que infla mesmo \u00e9 a carteira de clientes\u201d. Bom dia!<\/p>\n","protected":false},"excerpt":{"rendered":"<p>Bloco da ArteriaNeste s\u00e1bado, 27 de janeiro, o Bloco Arteria vai despejar alto astral na Pra\u00e7a Presidente Kennedy, em S\u00e3o Mateus. O evento acontece dentro do \u201cCorredor da Folia\u201d promovido pela Funalfa\/PJF. Com apoio do Mr. Tugas e da Cacha\u00e7a Dom Br\u00e9, o bloco vai resgatar a tradi\u00e7\u00e3o carnavalesca dos blocos de rua, embalados pelas [&hellip;]<\/p>\n","protected":false},"author":96,"featured_media":90467,"comment_status":"closed","ping_status":"closed","sticky":false,"template":"","format":"standard","meta":{"footnotes":""},"categories":[264],"tags":[],"class_list":["post-90479","post","type-post","status-publish","format-standard","has-post-thumbnail","hentry","category-eduardo-gomes"],"_links":{"self":[{"href":"https:\/\/diarioregionaldigital.com.br\/index.php?rest_route=\/wp\/v2\/posts\/90479","targetHints":{"allow":["GET"]}}],"collection":[{"href":"https:\/\/diarioregionaldigital.com.br\/index.php?rest_route=\/wp\/v2\/posts"}],"about":[{"href":"https:\/\/diarioregionaldigital.com.br\/index.php?rest_route=\/wp\/v2\/types\/post"}],"author":[{"embeddable":true,"href":"https:\/\/diarioregionaldigital.com.br\/index.php?rest_route=\/wp\/v2\/users\/96"}],"replies":[{"embeddable":true,"href":"https:\/\/diarioregionaldigital.com.br\/index.php?rest_route=%2Fwp%2Fv2%2Fcomments&post=90479"}],"version-history":[{"count":0,"href":"https:\/\/diarioregionaldigital.com.br\/index.php?rest_route=\/wp\/v2\/posts\/90479\/revisions"}],"wp:featuredmedia":[{"embeddable":true,"href":"https:\/\/diarioregionaldigital.com.br\/index.php?rest_route=\/wp\/v2\/media\/90467"}],"wp:attachment":[{"href":"https:\/\/diarioregionaldigital.com.br\/index.php?rest_route=%2Fwp%2Fv2%2Fmedia&parent=90479"}],"wp:term":[{"taxonomy":"category","embeddable":true,"href":"https:\/\/diarioregionaldigital.com.br\/index.php?rest_route=%2Fwp%2Fv2%2Fcategories&post=90479"},{"taxonomy":"post_tag","embeddable":true,"href":"https:\/\/diarioregionaldigital.com.br\/index.php?rest_route=%2Fwp%2Fv2%2Ftags&post=90479"}],"curies":[{"name":"wp","href":"https:\/\/api.w.org\/{rel}","templated":true}]}}