{"id":90462,"date":"2018-01-25T21:23:30","date_gmt":"2018-01-25T23:23:30","guid":{"rendered":"http:\/\/diarioregionaljf.com.br\/2018\/01\/25\/praca-ceu-encerra-colonia-de-ferias-com-cerca-de-cem-criancas-e-adolescentes\/"},"modified":"2018-01-25T21:23:30","modified_gmt":"2018-01-25T23:23:30","slug":"praca-ceu-encerra-colonia-de-ferias-com-cerca-de-cem-criancas-e-adolescentes","status":"publish","type":"post","link":"https:\/\/diarioregionaldigital.com.br\/?p=90462","title":{"rendered":"Pra\u00e7a CEU encerra col\u00f4nia de f\u00e9rias com cerca de cem crian\u00e7as e adolescentes"},"content":{"rendered":"<p>A terceira edi\u00e7\u00e3o da Col\u00f4nia de F\u00e9rias do Centro de Artes e Esportes Unificados \u201cCoronel Adelmir Romualdo de Oliveira\u201d (Pra\u00e7a CEU) termina nesta sexta-feira, 26. Durante toda a semana, cem crian\u00e7as, adolescentes e jovens, de seis a 16 anos, participaram de atividades recreativas, esportivas, culturais e de lazer.&nbsp;<\/p>\n<p> Conforme o diretor de Cultura do CEU, Andr\u00e9 Noronha, nesta edi\u00e7\u00e3o houve preocupa\u00e7\u00e3o especial em resgatar brincadeiras antigas, como cabra-cega, corda, bolinha de gude e conta\u00e7\u00e3o de hist\u00f3rias: \u201cS\u00e3o atividades que v\u00eam perdendo apelo em um mundo cada vez mais tecnol\u00f3gico. Na col\u00f4nia, os participantes puderam conhecer brincadeiras que eram populares nas gera\u00e7\u00f5es anteriores \u00e0 sua, e se divertiram muito\u201d.<\/p>\n<p> Aos nove anos, o estudante Miguel \u00c2ngelo Barreto Nazareth elencou, entre suas atividades favoritas, pintura, imita\u00e7\u00e3o de est\u00e1tua e pula-corda. Satisfeito com a possibilidade de participar da col\u00f4nia no per\u00edodo de recesso escolar, ele sugeriu algumas atividades para a pr\u00f3xima edi\u00e7\u00e3o: \u201cNo ano que vem podemos ter cinema e ca\u00e7a-fantasma.\u201d<\/p>\n<p> Os passeios externos tamb\u00e9m tiveram grande aceita\u00e7\u00e3o. Os participantes visitaram o Clube N\u00e1utico e o Parque da Lajinha. Neste \u00faltimo, as crian\u00e7as ouviram palestra sobre a fauna e a flora local, tiveram acesso a curiosidades e fizeram trilha.<\/p>\n<p> A Pra\u00e7a CEU foi implantada em Benfica a partir da parceria entre a Prefeitura de Juiz de Fora (PJF) e o Governo federal. A gest\u00e3o do equipamento urbano \u00e9 compartilhada pela Funda\u00e7\u00e3o Cultural \u201cAlfredo Ferreira Lage\u201d (Funalfa) e pela Organiza\u00e7\u00e3o Social Associa\u00e7\u00e3o Cultural Arte e Vida (Acav), com participa\u00e7\u00e3o direta da comunidade.<\/p>\n<p><strong>Fonte: Funalfa<\/strong><\/p>\n<p>&nbsp;<\/p>\n","protected":false},"excerpt":{"rendered":"<p>A terceira edi\u00e7\u00e3o da Col\u00f4nia de F\u00e9rias do Centro de Artes e Esportes Unificados \u201cCoronel Adelmir Romualdo de Oliveira\u201d (Pra\u00e7a CEU) termina nesta sexta-feira, 26. Durante toda a semana, cem crian\u00e7as, adolescentes e jovens, de seis a 16 anos, participaram de atividades recreativas, esportivas, culturais e de lazer.&nbsp; Conforme o diretor de Cultura do CEU, [&hellip;]<\/p>\n","protected":false},"author":96,"featured_media":90461,"comment_status":"closed","ping_status":"closed","sticky":false,"template":"","format":"standard","meta":{"footnotes":""},"categories":[257],"tags":[],"class_list":["post-90462","post","type-post","status-publish","format-standard","has-post-thumbnail","hentry","category-esporte"],"_links":{"self":[{"href":"https:\/\/diarioregionaldigital.com.br\/index.php?rest_route=\/wp\/v2\/posts\/90462","targetHints":{"allow":["GET"]}}],"collection":[{"href":"https:\/\/diarioregionaldigital.com.br\/index.php?rest_route=\/wp\/v2\/posts"}],"about":[{"href":"https:\/\/diarioregionaldigital.com.br\/index.php?rest_route=\/wp\/v2\/types\/post"}],"author":[{"embeddable":true,"href":"https:\/\/diarioregionaldigital.com.br\/index.php?rest_route=\/wp\/v2\/users\/96"}],"replies":[{"embeddable":true,"href":"https:\/\/diarioregionaldigital.com.br\/index.php?rest_route=%2Fwp%2Fv2%2Fcomments&post=90462"}],"version-history":[{"count":0,"href":"https:\/\/diarioregionaldigital.com.br\/index.php?rest_route=\/wp\/v2\/posts\/90462\/revisions"}],"wp:featuredmedia":[{"embeddable":true,"href":"https:\/\/diarioregionaldigital.com.br\/index.php?rest_route=\/wp\/v2\/media\/90461"}],"wp:attachment":[{"href":"https:\/\/diarioregionaldigital.com.br\/index.php?rest_route=%2Fwp%2Fv2%2Fmedia&parent=90462"}],"wp:term":[{"taxonomy":"category","embeddable":true,"href":"https:\/\/diarioregionaldigital.com.br\/index.php?rest_route=%2Fwp%2Fv2%2Fcategories&post=90462"},{"taxonomy":"post_tag","embeddable":true,"href":"https:\/\/diarioregionaldigital.com.br\/index.php?rest_route=%2Fwp%2Fv2%2Ftags&post=90462"}],"curies":[{"name":"wp","href":"https:\/\/api.w.org\/{rel}","templated":true}]}}