{"id":90460,"date":"2018-01-25T21:23:26","date_gmt":"2018-01-25T23:23:26","guid":{"rendered":"http:\/\/diarioregionaljf.com.br\/2018\/01\/25\/usuarios-reclamam-de-falta-de-atendimento-na-regional-leste\/"},"modified":"2018-01-25T21:23:26","modified_gmt":"2018-01-25T23:23:26","slug":"usuarios-reclamam-de-falta-de-atendimento-na-regional-leste","status":"publish","type":"post","link":"https:\/\/diarioregionaldigital.com.br\/?p=90460","title":{"rendered":"Usu\u00e1rios reclamam de falta de atendimento na Regional Leste"},"content":{"rendered":"<p>Ap\u00f3s mais de tr\u00eas horas aguardando por atendimento m\u00e9dico na Unidade de Urg\u00eancia e Emerg\u00eancia Regional Leste, na tarde de quarta-feira, 24, Rosana Luiza Miranda de Campos e o marido Leonar Henrique Pereira Nunes, decidiram voltar para casa. O motivo? A superlota\u00e7\u00e3o da unidade, e a lentid\u00e3o no atendimento provocada pela fila. \u201cChegamos ao local por volta das 13h30. J\u00e1 estava cheio e cerca de 60 pessoas aguardavam para serem atendidas. Enquanto est\u00e1vamos preenchendo a ficha no balc\u00e3o, 15 pessoas foram chamadas. Por\u00e9m, a situa\u00e7\u00e3o foi piorando. Na medida em que as pessoas estavam sendo chamadas, outras chegavam. Algumas em estado mais cr\u00edtico\u201d, relata Leonar.<\/p>\n<p>O grande problema do casal ainda estava por vir. Duas horas depois, Rosana foi encaminhada para a sala de triagem. Antes de ir at\u00e9 a unidade, a mulher havia se queixado de dores musculares, febre e aumento da press\u00e3o arterial. Quando foi atendida, veio a surpresa. \u201cA m\u00e9dica aferiu a minha press\u00e3o, a temperatura febril e afirmou que eu n\u00e3o tinha nada. A forma como ela falou, soou como se eu estivesse mentindo. Como que estava tudo bem comigo, sendo que eu sentia dor e, quando aferi em casa, minha febre chegava a 40\u00ba?\u201d, disse Rosana, indignada.<\/p>\n<p>O comportamento dos profissionais da unidade tamb\u00e9m chamou aten\u00e7\u00e3o da usu\u00e1ria. \u201c\u00c9 um descaso muito grande. Em v\u00e1rios momentos presenciei m\u00e9dicas indo at\u00e9 a recep\u00e7\u00e3o, olhando a quantidade de pacientes que aguardavam por atendimento e voltando para suas salas. Pessoas debochando da situa\u00e7\u00e3o, saindo para tomar caf\u00e9 no meio do expediente, e v\u00e1rias horas depois voltando para atender a longa fila\u201d, revela.<\/p>\n<p>Ao retornar para casa, por volta das 17h de quarta, Rosana voltou a alegar o incomodo. Diante da situa\u00e7\u00e3o, na manh\u00e3 dessa quinta-feira, 25, ela e o esposo procuraram assist\u00eancia m\u00e9dica em uma cl\u00ednica particular, onde foi diagnosticada com uma inflama\u00e7\u00e3o, que atingiu o ouvido, a garganta e o nariz.<\/p>\n<p>NOTA DA PREFEITURA<\/p>\n<p>Em nota, a Secretaria de Sa\u00fade (SS) esclareceu que n\u00e3o h\u00e1 d\u00e9ficit de m\u00e9dicos na Regional Leste e alegou que o ocorrido de quarta-feira est\u00e1 relacionado ao aumento na procura por atendimento m\u00e9dico na unidade. A SS tamb\u00e9m reitera que \u201cos usu\u00e1rios que procuraram o servi\u00e7o de sa\u00fade foram atendidos respeitando a prioridade por se tratar de uma unidade de urg\u00eancia e emerg\u00eancia, que prioriza o atendimento dos pacientes graves com risco de vida, j\u00e1 que o objetivo \u00e9 salvar vidas\u201d.<\/p>\n","protected":false},"excerpt":{"rendered":"<p>Ap\u00f3s mais de tr\u00eas horas aguardando por atendimento m\u00e9dico na Unidade de Urg\u00eancia e Emerg\u00eancia Regional Leste, na tarde de quarta-feira, 24, Rosana Luiza Miranda de Campos e o marido Leonar Henrique Pereira Nunes, decidiram voltar para casa. O motivo? A superlota\u00e7\u00e3o da unidade, e a lentid\u00e3o no atendimento provocada pela fila. \u201cChegamos ao local [&hellip;]<\/p>\n","protected":false},"author":96,"featured_media":0,"comment_status":"closed","ping_status":"closed","sticky":false,"template":"","format":"standard","meta":{"footnotes":""},"categories":[253],"tags":[],"class_list":["post-90460","post","type-post","status-publish","format-standard","hentry","category-cidade"],"_links":{"self":[{"href":"https:\/\/diarioregionaldigital.com.br\/index.php?rest_route=\/wp\/v2\/posts\/90460","targetHints":{"allow":["GET"]}}],"collection":[{"href":"https:\/\/diarioregionaldigital.com.br\/index.php?rest_route=\/wp\/v2\/posts"}],"about":[{"href":"https:\/\/diarioregionaldigital.com.br\/index.php?rest_route=\/wp\/v2\/types\/post"}],"author":[{"embeddable":true,"href":"https:\/\/diarioregionaldigital.com.br\/index.php?rest_route=\/wp\/v2\/users\/96"}],"replies":[{"embeddable":true,"href":"https:\/\/diarioregionaldigital.com.br\/index.php?rest_route=%2Fwp%2Fv2%2Fcomments&post=90460"}],"version-history":[{"count":0,"href":"https:\/\/diarioregionaldigital.com.br\/index.php?rest_route=\/wp\/v2\/posts\/90460\/revisions"}],"wp:attachment":[{"href":"https:\/\/diarioregionaldigital.com.br\/index.php?rest_route=%2Fwp%2Fv2%2Fmedia&parent=90460"}],"wp:term":[{"taxonomy":"category","embeddable":true,"href":"https:\/\/diarioregionaldigital.com.br\/index.php?rest_route=%2Fwp%2Fv2%2Fcategories&post=90460"},{"taxonomy":"post_tag","embeddable":true,"href":"https:\/\/diarioregionaldigital.com.br\/index.php?rest_route=%2Fwp%2Fv2%2Ftags&post=90460"}],"curies":[{"name":"wp","href":"https:\/\/api.w.org\/{rel}","templated":true}]}}