{"id":90459,"date":"2018-01-25T21:21:08","date_gmt":"2018-01-25T23:21:08","guid":{"rendered":"http:\/\/diarioregionaljf.com.br\/2018\/01\/25\/marathon-cup-1-etapa-juiz-de-fora-esta-com-inscricoes-abertas\/"},"modified":"2018-01-25T21:21:08","modified_gmt":"2018-01-25T23:21:08","slug":"marathon-cup-1-etapa-juiz-de-fora-esta-com-inscricoes-abertas","status":"publish","type":"post","link":"https:\/\/diarioregionaldigital.com.br\/?p=90459","title":{"rendered":"Marathon Cup 1\u00aa Etapa Juiz de Fora est\u00e1 com inscri\u00e7\u00f5es abertas"},"content":{"rendered":"<p>Os atletas de&nbsp;montain bike&nbsp;j\u00e1 podem se inscrever para uma das mais tradicionais provas da categoria que acontece na regi\u00e3o: a&nbsp;Marathon Cup 2018. A primeira etapa da competi\u00e7\u00e3o ser\u00e1 realizada no dia 4 de fevereiro, com sa\u00edda do Restaurante Tradi\u00e7\u00e3o Mineira, BR-040, km 792, S\u00e3o Pedro.<\/p>\n<p>Os atletas ir\u00e3o percorrer cerca de 50 km, que t\u00eam a supervis\u00e3o da Federa\u00e7\u00e3o Mineira de Ciclismo (FMC). As inscri\u00e7\u00f5es podem ser feitas no site <a href=\"http:\/\/www.sympla.com.br\/\">www.sympla.com.br<\/a>, bem como no dia do evento. E o valor \u00e9 de R$85,00 (Individual) e R$170,00 (Dupla) no 1\u00ba lote.&nbsp; O 2\u00ba lote &#8211; R$95,00 (Individual) R$190,00 (Dupla).<\/p>\n<p>No dia da prova, os valores sobem para R$120(Individual) e R$240 (Dupla), respectivamente.<\/p>\n<p>Race Kids: Crian\u00e7as de 2 a 12 anos a inscri\u00e7\u00e3o \u00e9 gratuita.<\/p>\n<p>Os kits de participa\u00e7\u00e3o ser\u00e3o entregues aos atletas inscritos no dia da prova, 4 de fevereiro, entre \u00e0s 7h30 e 9h30. A largada ser\u00e1 \u00e0s 10h, e a premia\u00e7\u00e3o da primeira etapa ocorre no Tradi\u00e7\u00e3o Mineira \u00e0s 14h30.<\/p>\n<p> <\/p>\n","protected":false},"excerpt":{"rendered":"<p>Os atletas de&nbsp;montain bike&nbsp;j\u00e1 podem se inscrever para uma das mais tradicionais provas da categoria que acontece na regi\u00e3o: a&nbsp;Marathon Cup 2018. A primeira etapa da competi\u00e7\u00e3o ser\u00e1 realizada no dia 4 de fevereiro, com sa\u00edda do Restaurante Tradi\u00e7\u00e3o Mineira, BR-040, km 792, S\u00e3o Pedro. Os atletas ir\u00e3o percorrer cerca de 50 km, que t\u00eam [&hellip;]<\/p>\n","protected":false},"author":96,"featured_media":90458,"comment_status":"closed","ping_status":"closed","sticky":false,"template":"","format":"standard","meta":{"footnotes":""},"categories":[257],"tags":[],"class_list":["post-90459","post","type-post","status-publish","format-standard","has-post-thumbnail","hentry","category-esporte"],"_links":{"self":[{"href":"https:\/\/diarioregionaldigital.com.br\/index.php?rest_route=\/wp\/v2\/posts\/90459","targetHints":{"allow":["GET"]}}],"collection":[{"href":"https:\/\/diarioregionaldigital.com.br\/index.php?rest_route=\/wp\/v2\/posts"}],"about":[{"href":"https:\/\/diarioregionaldigital.com.br\/index.php?rest_route=\/wp\/v2\/types\/post"}],"author":[{"embeddable":true,"href":"https:\/\/diarioregionaldigital.com.br\/index.php?rest_route=\/wp\/v2\/users\/96"}],"replies":[{"embeddable":true,"href":"https:\/\/diarioregionaldigital.com.br\/index.php?rest_route=%2Fwp%2Fv2%2Fcomments&post=90459"}],"version-history":[{"count":0,"href":"https:\/\/diarioregionaldigital.com.br\/index.php?rest_route=\/wp\/v2\/posts\/90459\/revisions"}],"wp:featuredmedia":[{"embeddable":true,"href":"https:\/\/diarioregionaldigital.com.br\/index.php?rest_route=\/wp\/v2\/media\/90458"}],"wp:attachment":[{"href":"https:\/\/diarioregionaldigital.com.br\/index.php?rest_route=%2Fwp%2Fv2%2Fmedia&parent=90459"}],"wp:term":[{"taxonomy":"category","embeddable":true,"href":"https:\/\/diarioregionaldigital.com.br\/index.php?rest_route=%2Fwp%2Fv2%2Fcategories&post=90459"},{"taxonomy":"post_tag","embeddable":true,"href":"https:\/\/diarioregionaldigital.com.br\/index.php?rest_route=%2Fwp%2Fv2%2Ftags&post=90459"}],"curies":[{"name":"wp","href":"https:\/\/api.w.org\/{rel}","templated":true}]}}