{"id":90457,"date":"2018-01-25T21:18:00","date_gmt":"2018-01-25T23:18:00","guid":{"rendered":"http:\/\/diarioregionaljf.com.br\/2018\/01\/25\/flamengo-bate-o-tricolor-e-e-tetracampeao-da-copa-sao-paulo-de-futebol-junior\/"},"modified":"2018-01-25T21:18:00","modified_gmt":"2018-01-25T23:18:00","slug":"flamengo-bate-o-tricolor-e-e-tetracampeao-da-copa-sao-paulo-de-futebol-junior","status":"publish","type":"post","link":"https:\/\/diarioregionaldigital.com.br\/?p=90457","title":{"rendered":"Flamengo bate o tricolor e \u00e9 tetracampe\u00e3o da Copa S\u00e3o Paulo de Futebol J\u00fanior"},"content":{"rendered":"<p>O Flamengo venceu o S\u00e3o Paulo por 1 a 0 e se sagrou campe\u00e3o da Copa S\u00e3o Paulo de Futebol J\u00fanior de 2018 nesta quinta-feira, 25. O clube carioca contou com um gol de Wendel, no come\u00e7o do jogo, para garantir o triunfo e levantar o caneco pela quarta vez no Pacaembu.&nbsp;<\/p>\n<p>A trajet\u00f3ria rubro-negra foi marcada por surpresas. Com um time mais jovem do que o habitual, gra\u00e7as ao aproveitamento precoce dos talentos da gera\u00e7\u00e3o entre os profissionais, o Flamengo n\u00e3o era considerado pronto para conquistar a Copinha. Mas superou um a um seus advers\u00e1rios, conquistou terreno com a elimina\u00e7\u00e3o de favoritos e, diante de um Pacaembu cheio, ficou com a ta\u00e7a.<\/p>\n<p>Com o apito inicial, por\u00e9m, a press\u00e3o cessou. Logo aos tr\u00eas minutos, Pep\u00ea cobrou escanteio da direita, a defesa n\u00e3o cortou na primeira trave, e Wendel testou firme no canto para inaugurar o marcador e colocar o Flamengo na frente. O gol foi uma reden\u00e7\u00e3o para o garoto, que vinha sendo criticado pelas atua\u00e7\u00f5es.<\/p>\n<p>Ap\u00f3s o intervalo, o jogo continuou muito movimentado, com o S\u00e3o Paulo em cima da equipe carioca. O Tricolor voltou a dominar, desperdi\u00e7ou boas oportunidades e pouco sofreu com contra-ataques, mas n\u00e3o conseguiu superar a defesa flamenguista. Matheus Dantas e Patrick, os zagueiros, e sobretudo o goleiro Yago Darub foram os grandes destaques da partida. Ambos os times terminaram aplaudidos por suas torcidas. O Flamengo chega ao quarto t\u00edtulo da Copinha, com quatro vit\u00f3rias em todas as finais que disputou: 1990 (contra o Juventus), 2011 (contra o Bahia), 2016 (contra o Corinthians) e agora, 2018.<\/p>\n","protected":false},"excerpt":{"rendered":"<p>O Flamengo venceu o S\u00e3o Paulo por 1 a 0 e se sagrou campe\u00e3o da Copa S\u00e3o Paulo de Futebol J\u00fanior de 2018 nesta quinta-feira, 25. O clube carioca contou com um gol de Wendel, no come\u00e7o do jogo, para garantir o triunfo e levantar o caneco pela quarta vez no Pacaembu.&nbsp; A trajet\u00f3ria rubro-negra [&hellip;]<\/p>\n","protected":false},"author":96,"featured_media":90456,"comment_status":"closed","ping_status":"closed","sticky":false,"template":"","format":"standard","meta":{"footnotes":""},"categories":[257],"tags":[],"class_list":["post-90457","post","type-post","status-publish","format-standard","has-post-thumbnail","hentry","category-esporte"],"_links":{"self":[{"href":"https:\/\/diarioregionaldigital.com.br\/index.php?rest_route=\/wp\/v2\/posts\/90457","targetHints":{"allow":["GET"]}}],"collection":[{"href":"https:\/\/diarioregionaldigital.com.br\/index.php?rest_route=\/wp\/v2\/posts"}],"about":[{"href":"https:\/\/diarioregionaldigital.com.br\/index.php?rest_route=\/wp\/v2\/types\/post"}],"author":[{"embeddable":true,"href":"https:\/\/diarioregionaldigital.com.br\/index.php?rest_route=\/wp\/v2\/users\/96"}],"replies":[{"embeddable":true,"href":"https:\/\/diarioregionaldigital.com.br\/index.php?rest_route=%2Fwp%2Fv2%2Fcomments&post=90457"}],"version-history":[{"count":0,"href":"https:\/\/diarioregionaldigital.com.br\/index.php?rest_route=\/wp\/v2\/posts\/90457\/revisions"}],"wp:featuredmedia":[{"embeddable":true,"href":"https:\/\/diarioregionaldigital.com.br\/index.php?rest_route=\/wp\/v2\/media\/90456"}],"wp:attachment":[{"href":"https:\/\/diarioregionaldigital.com.br\/index.php?rest_route=%2Fwp%2Fv2%2Fmedia&parent=90457"}],"wp:term":[{"taxonomy":"category","embeddable":true,"href":"https:\/\/diarioregionaldigital.com.br\/index.php?rest_route=%2Fwp%2Fv2%2Fcategories&post=90457"},{"taxonomy":"post_tag","embeddable":true,"href":"https:\/\/diarioregionaldigital.com.br\/index.php?rest_route=%2Fwp%2Fv2%2Ftags&post=90457"}],"curies":[{"name":"wp","href":"https:\/\/api.w.org\/{rel}","templated":true}]}}