{"id":90455,"date":"2018-01-25T21:14:50","date_gmt":"2018-01-25T23:14:50","guid":{"rendered":"http:\/\/diarioregionaljf.com.br\/2018\/01\/25\/america-vence-e-deixa-tupi-na-lanterna-da-competicao\/"},"modified":"2018-01-25T21:14:50","modified_gmt":"2018-01-25T23:14:50","slug":"america-vence-e-deixa-tupi-na-lanterna-da-competicao","status":"publish","type":"post","link":"https:\/\/diarioregionaldigital.com.br\/?p=90455","title":{"rendered":"Am\u00e9rica vence e deixa Tupi na lanterna da competi\u00e7\u00e3o"},"content":{"rendered":"<p>O Am\u00e9rica-MG levou a melhor ao vencer o Tupi por 2 a 0, nessa quarta-feira, 24, em duelo v\u00e1lido pela terceira rodada do Campeonato Mineiro. Com gols de Aylon e Capixaba, o Coelho conseguiu triunfar no Independ\u00eancia. O Galo Carij\u00f3 manteve o jejum de vit\u00f3rias, amargando a \u00faltima coloca\u00e7\u00e3o na competi\u00e7\u00e3o.<\/p>\n<p>O Coelho conseguiu se impor dentro de seus dom\u00ednios. A equipe for\u00e7ou o jogo pelo meio no primeiro tempo e n\u00e3o teve sucesso. Na etapa final, com algumas altera\u00e7\u00f5es, Aylon e Capixaba fizeram os gols que deram a vantagem ao time de Belo Horizonte.<\/p>\n<p><strong>Primeiro tempo<\/strong><\/p>\n<p>O Am\u00e9rica queria jogo. A \u00fanica d\u00favida foi tirada no vesti\u00e1rio, o atacante Rafael Moura se recuperou de uma contus\u00e3o e foi para a partida.<\/p>\n<p>Os primeiros minutos mostraram como seria boa parte do jogo. O Am\u00e9rica era o time que tomava as principais a\u00e7\u00f5es do jogo. O Tupi aguardava em seu campo defensivo.<\/p>\n<p>Uma das falhas americanas foi for\u00e7ar bastante o jogo pelo meio campo. Al\u00e9m disso, as jogadas eram muito concentradas no atacante Rafael Moura e em Aylon.<\/p>\n<p>Ali\u00e1s, foi justamente com ambos que duas importantes jogadas aconteceram. A primeira Aylon cruzou na \u00e1rea e Rafael desviou por cima da meta. Depois, em uma boa tabela, mas novamente com defesa do arqueiro.<\/p>\n<p><strong>Segundo tempo<\/strong><\/p>\n<p>O Am\u00e9rica voltou animado para a etapa complementar. O t\u00e9cnico Enderson Moreira fez ajustes na equipe, comandou a equipe fazer mais jogadas pelas pontas.<\/p>\n<p>Aos 6 minutos, Aylon abriu o placar. Renan Oliveira ganhou no meio e encontrou o atleta em boas condi\u00e7\u00f5es para mandar para o fundo das redes.<\/p>\n<p>Ap\u00f3s o gol, o Am\u00e9rica passou a ter mais tranquilidade na partida e poder trabalhar melhor seu jogo. O Tupi, tenso com sua situa\u00e7\u00e3o na tabela, se jogou para o ataque. Por\u00e9m, a equipe de Juiz de Fora errava bastante.<\/p>\n<p>Aos 32, ap\u00f3s um per\u00edodo de quase inatividade do Coelho, o segundo. Rafael Moura roubou a bola no meio campo e lan\u00e7ou para Capixaba que driblou um advers\u00e1rio e chutou rasteiro para ampliar.<\/p>\n<p>O resultado deixa o Am\u00e9rica entre os l\u00edderes, empatado em pontos com o Cruzeiro separado apenas pelos crit\u00e9rios de desempate. O Galo de Juiz de Fora segue na lanterna, sem pontuar e com um saldo de menos sete gols.<\/p>\n<p>O Tupi recebe a Caldense, em Juiz de Fora, no domingo, \u00e0s 17h, est\u00e1dio municipal radialista M\u00e1rio Hel\u00eanio.&nbsp;<\/p>\n","protected":false},"excerpt":{"rendered":"<p>O Am\u00e9rica-MG levou a melhor ao vencer o Tupi por 2 a 0, nessa quarta-feira, 24, em duelo v\u00e1lido pela terceira rodada do Campeonato Mineiro. Com gols de Aylon e Capixaba, o Coelho conseguiu triunfar no Independ\u00eancia. O Galo Carij\u00f3 manteve o jejum de vit\u00f3rias, amargando a \u00faltima coloca\u00e7\u00e3o na competi\u00e7\u00e3o. O Coelho conseguiu se [&hellip;]<\/p>\n","protected":false},"author":96,"featured_media":90454,"comment_status":"closed","ping_status":"closed","sticky":false,"template":"","format":"standard","meta":{"footnotes":""},"categories":[257],"tags":[],"class_list":["post-90455","post","type-post","status-publish","format-standard","has-post-thumbnail","hentry","category-esporte"],"_links":{"self":[{"href":"https:\/\/diarioregionaldigital.com.br\/index.php?rest_route=\/wp\/v2\/posts\/90455","targetHints":{"allow":["GET"]}}],"collection":[{"href":"https:\/\/diarioregionaldigital.com.br\/index.php?rest_route=\/wp\/v2\/posts"}],"about":[{"href":"https:\/\/diarioregionaldigital.com.br\/index.php?rest_route=\/wp\/v2\/types\/post"}],"author":[{"embeddable":true,"href":"https:\/\/diarioregionaldigital.com.br\/index.php?rest_route=\/wp\/v2\/users\/96"}],"replies":[{"embeddable":true,"href":"https:\/\/diarioregionaldigital.com.br\/index.php?rest_route=%2Fwp%2Fv2%2Fcomments&post=90455"}],"version-history":[{"count":0,"href":"https:\/\/diarioregionaldigital.com.br\/index.php?rest_route=\/wp\/v2\/posts\/90455\/revisions"}],"wp:featuredmedia":[{"embeddable":true,"href":"https:\/\/diarioregionaldigital.com.br\/index.php?rest_route=\/wp\/v2\/media\/90454"}],"wp:attachment":[{"href":"https:\/\/diarioregionaldigital.com.br\/index.php?rest_route=%2Fwp%2Fv2%2Fmedia&parent=90455"}],"wp:term":[{"taxonomy":"category","embeddable":true,"href":"https:\/\/diarioregionaldigital.com.br\/index.php?rest_route=%2Fwp%2Fv2%2Fcategories&post=90455"},{"taxonomy":"post_tag","embeddable":true,"href":"https:\/\/diarioregionaldigital.com.br\/index.php?rest_route=%2Fwp%2Fv2%2Ftags&post=90455"}],"curies":[{"name":"wp","href":"https:\/\/api.w.org\/{rel}","templated":true}]}}