{"id":90451,"date":"2018-01-25T19:39:12","date_gmt":"2018-01-25T21:39:12","guid":{"rendered":"http:\/\/diarioregionaljf.com.br\/2018\/01\/25\/cinco-dicas-para-levantar-sacudir-a-poeira-e-parar-de-procrastinar\/"},"modified":"2018-01-25T19:39:12","modified_gmt":"2018-01-25T21:39:12","slug":"cinco-dicas-para-levantar-sacudir-a-poeira-e-parar-de-procrastinar","status":"publish","type":"post","link":"https:\/\/diarioregionaldigital.com.br\/?p=90451","title":{"rendered":"Cinco dicas para levantar, sacudir a poeira e parar de procrastinar!"},"content":{"rendered":"<p>Ol\u00e1 galera que empreende!<\/p>\n<p>Estou muito feliz em poder trazer para voc\u00eas um pouco do assunto Vendas. Tema que me apaixona!<\/p>\n<p>Vamos come\u00e7ar com garra e disposi\u00e7\u00e3o!<\/p>\n<p>Adoro dicas! Vamos come\u00e7ar?<\/p>\n<p>&nbsp;<\/p>\n<p>PROCRASTINA\u00c7\u00c3O: a palavra procrastina\u00e7\u00e3o significa adiamento de uma a\u00e7\u00e3o. A grosso modo, poder\u00edamos dizer que seria aquela mania de deixar tudo para depois. Adiamos o m\u00e1ximo poss\u00edvel algo que poder\u00edamos ter come\u00e7ado antes.<\/p>\n<p>J\u00e1 se pegou muito ocupado(a) fazendo coisas que n\u00e3o precisa ao inv\u00e9s de fazer realmente o que \u00e9 necess\u00e1rio? Muito bem&#8230; procrastinar \u00e9 isso!<\/p>\n<p>ELIMINE ISSO J\u00c1 DA SUA VIDA!<\/p>\n<p>Antes de dormir, elimine os pensamentos que incomodam. Anote tudo que est\u00e1 te impedindo de desligar em um papel e v\u00e1 dormir em paz!<\/p>\n<p>Acorde cedo! Empreender \u00e9 bom mas n\u00e3o \u00e9 f\u00e1cil n\u00e3o&#8230; a vontade de procrastinar impera! Pule da cama cedo e j\u00e1 elabore sua rotina de trabalho. N\u00e3o esque\u00e7a de reservar em sua agenda um tempo para os imprevistos.<\/p>\n<p>Foque no que ainda precisa ser feito e n\u00e3o no que j\u00e1 fez. Desta forma, voc\u00ea ter\u00e1 maior disposi\u00e7\u00e3o para cumprir toda sua agenda.<\/p>\n<p>Alimente-se bem! Coma nos hor\u00e1rios corretos e beba muita \u00e1gua. Sua cabe\u00e7a precisa pensar e criar e seu corpo precisa de energia para cruzar o dia. Parte da mudan\u00e7a do seu mindset prov\u00e9m justamente de uma boa alimenta\u00e7\u00e3o e de uma boa qualidade de vida.<\/p>\n<p>No momento de descansar, descanse! Desligue-se de todas as atividades profissionais meeeeesmo! Se ligue no seu bem estar, nos momentos com a fam\u00edlia, amigos e consigo mesmo. Um bom empreendedor valoriza isso.<\/p>\n<p>Trabalhe sua mente para vencer! Deixar de seguir esses passos tornar\u00e1 voc\u00ea mais lento, com tend\u00eancia \u00e0 pregui\u00e7a. N\u00e3o deixe a rotina engolir voc\u00ea, ok?<\/p>\n<p>Desejo-lhes PODER! VOC\u00ca PODE MAIS!<\/p>\n<p>&nbsp;<\/p>\n<p><strong>Gena\u00edna Queiroz, Master Coach, certificada pela Sociedade Brasileira de Coaching, S\u00f3cia Fundadora do Grupo Sinergia Solu\u00e7\u00f5es Corporativas, especialista no desenvolvimento de L\u00edderes e Equipes Comerciais e de Atendimento.<\/strong><\/p><\/p>\n","protected":false},"excerpt":{"rendered":"<p>Ol\u00e1 galera que empreende! Estou muito feliz em poder trazer para voc\u00eas um pouco do assunto Vendas. Tema que me apaixona! Vamos come\u00e7ar com garra e disposi\u00e7\u00e3o! Adoro dicas! Vamos come\u00e7ar? &nbsp; PROCRASTINA\u00c7\u00c3O: a palavra procrastina\u00e7\u00e3o significa adiamento de uma a\u00e7\u00e3o. A grosso modo, poder\u00edamos dizer que seria aquela mania de deixar tudo para depois. [&hellip;]<\/p>\n","protected":false},"author":96,"featured_media":90450,"comment_status":"closed","ping_status":"closed","sticky":false,"template":"","format":"standard","meta":{"footnotes":""},"categories":[300],"tags":[],"class_list":["post-90451","post","type-post","status-publish","format-standard","has-post-thumbnail","hentry","category-coaches-club"],"_links":{"self":[{"href":"https:\/\/diarioregionaldigital.com.br\/index.php?rest_route=\/wp\/v2\/posts\/90451","targetHints":{"allow":["GET"]}}],"collection":[{"href":"https:\/\/diarioregionaldigital.com.br\/index.php?rest_route=\/wp\/v2\/posts"}],"about":[{"href":"https:\/\/diarioregionaldigital.com.br\/index.php?rest_route=\/wp\/v2\/types\/post"}],"author":[{"embeddable":true,"href":"https:\/\/diarioregionaldigital.com.br\/index.php?rest_route=\/wp\/v2\/users\/96"}],"replies":[{"embeddable":true,"href":"https:\/\/diarioregionaldigital.com.br\/index.php?rest_route=%2Fwp%2Fv2%2Fcomments&post=90451"}],"version-history":[{"count":0,"href":"https:\/\/diarioregionaldigital.com.br\/index.php?rest_route=\/wp\/v2\/posts\/90451\/revisions"}],"wp:featuredmedia":[{"embeddable":true,"href":"https:\/\/diarioregionaldigital.com.br\/index.php?rest_route=\/wp\/v2\/media\/90450"}],"wp:attachment":[{"href":"https:\/\/diarioregionaldigital.com.br\/index.php?rest_route=%2Fwp%2Fv2%2Fmedia&parent=90451"}],"wp:term":[{"taxonomy":"category","embeddable":true,"href":"https:\/\/diarioregionaldigital.com.br\/index.php?rest_route=%2Fwp%2Fv2%2Fcategories&post=90451"},{"taxonomy":"post_tag","embeddable":true,"href":"https:\/\/diarioregionaldigital.com.br\/index.php?rest_route=%2Fwp%2Fv2%2Ftags&post=90451"}],"curies":[{"name":"wp","href":"https:\/\/api.w.org\/{rel}","templated":true}]}}