{"id":90447,"date":"2018-01-25T19:18:36","date_gmt":"2018-01-25T21:18:36","guid":{"rendered":"http:\/\/diarioregionaljf.com.br\/2018\/01\/25\/juiz-de-fora-registra-mais-casos-suspeitos-de-febre-amarela\/"},"modified":"2018-01-25T19:18:36","modified_gmt":"2018-01-25T21:18:36","slug":"juiz-de-fora-registra-mais-casos-suspeitos-de-febre-amarela","status":"publish","type":"post","link":"https:\/\/diarioregionaldigital.com.br\/?p=90447","title":{"rendered":"Juiz de Fora registra mais casos suspeitos de febre amarela"},"content":{"rendered":"<p>Informa\u00e7\u00f5es divulgadas em nota pelo Hospital Universit\u00e1rio da Universidade Federal de Juiz de Fora (HU-UFJF) confirmam mais tr\u00eas casos suspeitos de febre amarela em Juiz de Fora. Segundo informa\u00e7\u00f5es da Ger\u00eancia de Aten\u00e7\u00e3o \u00e0 Sa\u00fade (GAS) do Hospital, dois pacientes est\u00e3o internados com suspeita da doen\u00e7a na unidade do bairro Santa Catarina.<\/p>\n<p>Um deles, um rapaz de 23 anos, est\u00e1 em observa\u00e7\u00e3o na enfermaria da institui\u00e7\u00e3o e apresenta quadro cl\u00ednico est\u00e1vel. Um homem de 37 anos, que deu entrada no HU nessa quarta-feira, 24, est\u00e1 na Unidade de Terapia Intensiva (UTI), em estado grave.<\/p>\n<p>O outro caso suspeito da doen\u00e7a \u00e9 de uma mulher de 49 anos, que foi transferida para a Santa Casa nessa quarta-feira, para um prov\u00e1vel transplante de f\u00edgado. Por\u00e9m, segundo a assessoria do hospital, a paciente chegou na unidade com quadro cl\u00ednico muito grave e faleceu na manh\u00e3 desta quinta-feira, 25, antes da realiza\u00e7\u00e3o da cirurgia.<\/p>\n<p>A reda\u00e7\u00e3o do Di\u00e1rio Regional entrou em contato com a Secretaria de Sa\u00fade (SS) para confirma\u00e7\u00e3o dos casos, mas n\u00e3o obteve retorno \u00e0 solicita\u00e7\u00e3o.<\/p>\n","protected":false},"excerpt":{"rendered":"<p>Informa\u00e7\u00f5es divulgadas em nota pelo Hospital Universit\u00e1rio da Universidade Federal de Juiz de Fora (HU-UFJF) confirmam mais tr\u00eas casos suspeitos de febre amarela em Juiz de Fora. Segundo informa\u00e7\u00f5es da Ger\u00eancia de Aten\u00e7\u00e3o \u00e0 Sa\u00fade (GAS) do Hospital, dois pacientes est\u00e3o internados com suspeita da doen\u00e7a na unidade do bairro Santa Catarina. Um deles, um [&hellip;]<\/p>\n","protected":false},"author":96,"featured_media":90446,"comment_status":"closed","ping_status":"closed","sticky":false,"template":"","format":"standard","meta":{"footnotes":""},"categories":[253],"tags":[],"class_list":["post-90447","post","type-post","status-publish","format-standard","has-post-thumbnail","hentry","category-cidade"],"_links":{"self":[{"href":"https:\/\/diarioregionaldigital.com.br\/index.php?rest_route=\/wp\/v2\/posts\/90447","targetHints":{"allow":["GET"]}}],"collection":[{"href":"https:\/\/diarioregionaldigital.com.br\/index.php?rest_route=\/wp\/v2\/posts"}],"about":[{"href":"https:\/\/diarioregionaldigital.com.br\/index.php?rest_route=\/wp\/v2\/types\/post"}],"author":[{"embeddable":true,"href":"https:\/\/diarioregionaldigital.com.br\/index.php?rest_route=\/wp\/v2\/users\/96"}],"replies":[{"embeddable":true,"href":"https:\/\/diarioregionaldigital.com.br\/index.php?rest_route=%2Fwp%2Fv2%2Fcomments&post=90447"}],"version-history":[{"count":0,"href":"https:\/\/diarioregionaldigital.com.br\/index.php?rest_route=\/wp\/v2\/posts\/90447\/revisions"}],"wp:featuredmedia":[{"embeddable":true,"href":"https:\/\/diarioregionaldigital.com.br\/index.php?rest_route=\/wp\/v2\/media\/90446"}],"wp:attachment":[{"href":"https:\/\/diarioregionaldigital.com.br\/index.php?rest_route=%2Fwp%2Fv2%2Fmedia&parent=90447"}],"wp:term":[{"taxonomy":"category","embeddable":true,"href":"https:\/\/diarioregionaldigital.com.br\/index.php?rest_route=%2Fwp%2Fv2%2Fcategories&post=90447"},{"taxonomy":"post_tag","embeddable":true,"href":"https:\/\/diarioregionaldigital.com.br\/index.php?rest_route=%2Fwp%2Fv2%2Ftags&post=90447"}],"curies":[{"name":"wp","href":"https:\/\/api.w.org\/{rel}","templated":true}]}}