{"id":90445,"date":"2018-01-25T19:17:36","date_gmt":"2018-01-25T21:17:36","guid":{"rendered":"http:\/\/diarioregionaljf.com.br\/2018\/01\/25\/producao-de-vacina-contra-febre-amarela-deve-dobrar-no-pais\/"},"modified":"2018-01-25T19:17:36","modified_gmt":"2018-01-25T21:17:36","slug":"producao-de-vacina-contra-febre-amarela-deve-dobrar-no-pais","status":"publish","type":"post","link":"https:\/\/diarioregionaldigital.com.br\/?p=90445","title":{"rendered":"Produ\u00e7\u00e3o de vacina contra febre amarela deve dobrar no pa\u00eds"},"content":{"rendered":"<p>A partir de junho deste ano, 4 milh\u00f5es de doses mensais da vacina contra a febre amarela devem entrar no mercado, informou o ministro da Sa\u00fade, Ricardo Barros. Ele inaugurou nessa quinta-feira, 25, no Rio, a linha final de produ\u00e7\u00e3o da vacina, fruto de parceria entre o Instituto de Tecnologia em Imunobiol\u00f3gicos (Bio-Manguinhos) e a farmac\u00eautica Libbs. A pasta aguarda aval da Ag\u00eancia Nacional de Vigil\u00e2ncia Sanit\u00e1ria (Anvisa) para iniciar a comercializa\u00e7\u00e3o.<\/p>\n<p>\u201cA f\u00e1brica j\u00e1 est\u00e1 produzindo a vacina e recebendo inspe\u00e7\u00f5es da Anvisa. J\u00e1 fez algumas corre\u00e7\u00f5es que foram solicitadas e, no final de mar\u00e7o, est\u00e1 prevista a vistoria para libera\u00e7\u00e3o para iniciar a produ\u00e7\u00e3o, a valida\u00e7\u00e3o da planta dentro das normas de vigil\u00e2ncia. Se isso acontecer, em junho, estar\u00e1 comercializando as doses\u201d, explicou.<\/p>\n<p>Segundo Barros, as doses v\u00e3o se somar aos 4 milh\u00f5es de vacinas contra febre amarela j\u00e1 produzidas mensalmente por Bio-Manguinhos, laborat\u00f3rio da Funda\u00e7\u00e3o Oswaldo Cruz (Fiocruz). \u201cVai dobrar a nossa capacidade\u201d, ressaltou. Questionado sobre o destino das vacinas, o ministro explicou que parte ser\u00e1 destinada ao estoque estrat\u00e9gico mantido pela Organiza\u00e7\u00e3o Mundial da Sa\u00fade (OMS), de 6 milh\u00f5es de doses contra a doen\u00e7a.<\/p>\n<p>\u201cExportamos um milh\u00e3o de doser por ano. Eles podem fazer solicita\u00e7\u00f5es variadas, mas em m\u00e9dia, um milh\u00e3o de doses. A produ\u00e7\u00e3o estabelecida \u00e9 para garantir o abastecimento. Se houver demanda menor, usamos a f\u00e1brica de Bio-Manguinhos para produzir outras vacinas. Ano passado, por exemplo, nenhuma vacina tr\u00edplice viral foi feita para que fizessem mais vacinas de febre amarela. Podemos alterar a f\u00e1brica para outras necessidades.\u201d<\/p>\n<p>A pasta n\u00e3o descarta a possibilidade de abrir m\u00e3o do fracionamento da vacina, uma vez que a produ\u00e7\u00e3o receba o novo incremento. Mas o cen\u00e1rio, segundo o ministro, \u00e9 incerto. \u201cSe surgir um macaco morto com febre amarela em uma cidade de 2 milh\u00f5es de habitantes, come\u00e7o a vacinar amanh\u00e3 dois milh\u00f5es de habitantes. Se surgir amanh\u00e3 um macaco em uma cidade de 3 milh\u00f5es de habitantes, come\u00e7o a vacinar 3 milh\u00f5es de habitantes. Se n\u00e3o surgir, n\u00e3o vacino ningu\u00e9m\u201d, concluiu.<\/p>\n<p>Fonte: Ag\u00eancia Brasil<\/p>\n","protected":false},"excerpt":{"rendered":"<p>A partir de junho deste ano, 4 milh\u00f5es de doses mensais da vacina contra a febre amarela devem entrar no mercado, informou o ministro da Sa\u00fade, Ricardo Barros. Ele inaugurou nessa quinta-feira, 25, no Rio, a linha final de produ\u00e7\u00e3o da vacina, fruto de parceria entre o Instituto de Tecnologia em Imunobiol\u00f3gicos (Bio-Manguinhos) e a [&hellip;]<\/p>\n","protected":false},"author":96,"featured_media":90444,"comment_status":"closed","ping_status":"closed","sticky":false,"template":"","format":"standard","meta":{"footnotes":""},"categories":[302],"tags":[],"class_list":["post-90445","post","type-post","status-publish","format-standard","has-post-thumbnail","hentry","category-brasil-mundo"],"_links":{"self":[{"href":"https:\/\/diarioregionaldigital.com.br\/index.php?rest_route=\/wp\/v2\/posts\/90445","targetHints":{"allow":["GET"]}}],"collection":[{"href":"https:\/\/diarioregionaldigital.com.br\/index.php?rest_route=\/wp\/v2\/posts"}],"about":[{"href":"https:\/\/diarioregionaldigital.com.br\/index.php?rest_route=\/wp\/v2\/types\/post"}],"author":[{"embeddable":true,"href":"https:\/\/diarioregionaldigital.com.br\/index.php?rest_route=\/wp\/v2\/users\/96"}],"replies":[{"embeddable":true,"href":"https:\/\/diarioregionaldigital.com.br\/index.php?rest_route=%2Fwp%2Fv2%2Fcomments&post=90445"}],"version-history":[{"count":0,"href":"https:\/\/diarioregionaldigital.com.br\/index.php?rest_route=\/wp\/v2\/posts\/90445\/revisions"}],"wp:featuredmedia":[{"embeddable":true,"href":"https:\/\/diarioregionaldigital.com.br\/index.php?rest_route=\/wp\/v2\/media\/90444"}],"wp:attachment":[{"href":"https:\/\/diarioregionaldigital.com.br\/index.php?rest_route=%2Fwp%2Fv2%2Fmedia&parent=90445"}],"wp:term":[{"taxonomy":"category","embeddable":true,"href":"https:\/\/diarioregionaldigital.com.br\/index.php?rest_route=%2Fwp%2Fv2%2Fcategories&post=90445"},{"taxonomy":"post_tag","embeddable":true,"href":"https:\/\/diarioregionaldigital.com.br\/index.php?rest_route=%2Fwp%2Fv2%2Ftags&post=90445"}],"curies":[{"name":"wp","href":"https:\/\/api.w.org\/{rel}","templated":true}]}}