{"id":90394,"date":"2018-01-24T22:02:30","date_gmt":"2018-01-25T00:02:30","guid":{"rendered":"http:\/\/diarioregionaljf.com.br\/2018\/01\/24\/uma-experiencia-na-australia\/"},"modified":"2018-04-16T08:04:57","modified_gmt":"2018-04-16T11:04:57","slug":"uma-experiencia-na-australia","status":"publish","type":"post","link":"https:\/\/diarioregionaldigital.com.br\/?p=90394","title":{"rendered":"Uma experi\u00eancia na Austr\u00e1lia"},"content":{"rendered":"<p>Minha neta Paula Flanzer tem 16 anos bem vividos. Estuda o ensino m\u00e9dio no excelente Col\u00e9gio Eliezer Max, mas entendeu que deveria viver uma experi\u00eancia internacional. A escolha recaiu sobre a Austr\u00e1lia, onde ela se matriculou na ALL Saints, situada na cidade de Gold Coast.<br \/>Foram seis meses inesquec\u00edveis. Ela foi \u201cadotada\u201d por uma fam\u00edlia local e frequentou uma escola de extraordin\u00e1ria qualidade, em todos os sentidos. Estabelecimento tipicamente australiano, com excepcionais laborat\u00f3rios e tecnologias de primeir\u00edssima qualidade (computadores de todos os tipos, impress\u00e3o 3D, etc.).<\/p>\n<p>O que Paula ficou impressionada foi com a dedica\u00e7\u00e3o dos professores. Eles acompanham de perto os alunos, com muito carinho, sem perder o respeito devido a cada um deles. O curioso \u00e9 que n\u00e3o valorizam particularmente a nota, mas todo o processo. Cada professor tem a sua pr\u00f3pria sala. Os alunos \u00e9 que se deslocam, de acordo com as suas prefer\u00eancias. H\u00e1 um professor para cada especialidade. Os alunos t\u00eam mais de 20 mat\u00e9rias para escolher a sua grade, que passam por Culin\u00e1ria, Business e Ci\u00eancias. A Matem\u00e1tica \u00e9 obrigat\u00f3ria, e os alunos podem escolher o n\u00edvel, de acordo com as suas possibilidades. A escola ajuda nessa escolha.<\/p>\n<p>\u00c9 uma escola anglicana, mas extremamente plural e aberta \u00e0s diversidades. O aluno que n\u00e3o seja anglicano n\u00e3o se sente tolhido em suas origens. Outra particularidade \u00e9 o tempo de estudo, pois os professores valorizam a liberdade dos seus disc\u00edpulos.<\/p>\n<p>H\u00e1 uma n\u00edtida preocupa\u00e7\u00e3o com a atividade extra-classe (visita a museus, viagens etc), al\u00e9m do incentivo a a\u00e7\u00f5es comunit\u00e1rias, o que l\u00e1 \u00e9 muito comum e apreciado, assim como a educa\u00e7\u00e3o ambiental. Valorizam muito a forma\u00e7\u00e3o de grupos que cristalizam amizades para toda a vida.<\/p>\n<p>Outra observa\u00e7\u00e3o atraente \u00e9 o apre\u00e7o pela m\u00fasica e o teatro. Os alunos vocacionados para essas artes s\u00e3o destacados e t\u00eam apresenta\u00e7\u00f5es sistem\u00e1ticas. O audit\u00f3rio da escola \u00e9 confort\u00e1vel, com os seus 600 lugares, sempre muito utilizados. Cultura integra o processo de forma permanente.<\/p>\n<p>Presen\u00e7a constante no processo \u00e9 o esporte, com prefer\u00eancia para o basquete, o voleibol, o p\u00f3lo aqu\u00e1tico, atletismo e os esportes locais. A Austr\u00e1lia n\u00e3o \u00e9 l\u00edder universal, mas tira sempre boas notas no Pisa, quando s\u00e3o dimensionadas a leitura(6\u00ba), as ci\u00eancias(13\u00ba) e a matem\u00e1tica (8\u00ba). Como se v\u00ea, s\u00e3o boas coloca\u00e7\u00f5es.<\/p>\n<p>A escola \u00e9 de tempo integral (das 8h30 \u00e0s 15h30) e \u00e9 paga. Tem uma enorme fila de espera para a matr\u00edcula, dado o bom conceito de que goza. Pode-se afirmar que Paula teve uma not\u00e1vel experi\u00eancia. Trouxe boas ideias para o Rio de Janeiro e particularmente para sua escola.<\/p>\n<p>&nbsp;<\/p>\n<p><strong>Arnaldo Niskier da Academia Brasileira de Letras, Presidente do CIEE\/RJ e Doutor Honoris Causa da Unama<\/strong><\/p>\n","protected":false},"excerpt":{"rendered":"<p>Minha neta Paula Flanzer tem 16 anos bem vividos. Estuda o ensino m\u00e9dio no excelente Col\u00e9gio Eliezer Max, mas entendeu que deveria viver uma experi\u00eancia internacional. A escolha recaiu sobre a Austr\u00e1lia, onde ela se matriculou na ALL Saints, situada na cidade de Gold Coast.Foram seis meses inesquec\u00edveis. Ela foi \u201cadotada\u201d por uma fam\u00edlia local [&hellip;]<\/p>\n","protected":false},"author":96,"featured_media":0,"comment_status":"closed","ping_status":"closed","sticky":false,"template":"","format":"standard","meta":{"footnotes":""},"categories":[275],"tags":[],"class_list":["post-90394","post","type-post","status-publish","format-standard","hentry","category-arnaldo-niskier"],"_links":{"self":[{"href":"https:\/\/diarioregionaldigital.com.br\/index.php?rest_route=\/wp\/v2\/posts\/90394","targetHints":{"allow":["GET"]}}],"collection":[{"href":"https:\/\/diarioregionaldigital.com.br\/index.php?rest_route=\/wp\/v2\/posts"}],"about":[{"href":"https:\/\/diarioregionaldigital.com.br\/index.php?rest_route=\/wp\/v2\/types\/post"}],"author":[{"embeddable":true,"href":"https:\/\/diarioregionaldigital.com.br\/index.php?rest_route=\/wp\/v2\/users\/96"}],"replies":[{"embeddable":true,"href":"https:\/\/diarioregionaldigital.com.br\/index.php?rest_route=%2Fwp%2Fv2%2Fcomments&post=90394"}],"version-history":[{"count":0,"href":"https:\/\/diarioregionaldigital.com.br\/index.php?rest_route=\/wp\/v2\/posts\/90394\/revisions"}],"wp:attachment":[{"href":"https:\/\/diarioregionaldigital.com.br\/index.php?rest_route=%2Fwp%2Fv2%2Fmedia&parent=90394"}],"wp:term":[{"taxonomy":"category","embeddable":true,"href":"https:\/\/diarioregionaldigital.com.br\/index.php?rest_route=%2Fwp%2Fv2%2Fcategories&post=90394"},{"taxonomy":"post_tag","embeddable":true,"href":"https:\/\/diarioregionaldigital.com.br\/index.php?rest_route=%2Fwp%2Fv2%2Ftags&post=90394"}],"curies":[{"name":"wp","href":"https:\/\/api.w.org\/{rel}","templated":true}]}}