{"id":90393,"date":"2018-01-24T21:48:42","date_gmt":"2018-01-24T23:48:42","guid":{"rendered":"http:\/\/diarioregionaljf.com.br\/2018\/01\/24\/flamengo-e-sao-paulo-se-enfrentam-na-final-da-copa-sao-paulo-de-futebol-junior\/"},"modified":"2018-01-24T21:48:42","modified_gmt":"2018-01-24T23:48:42","slug":"flamengo-e-sao-paulo-se-enfrentam-na-final-da-copa-sao-paulo-de-futebol-junior","status":"publish","type":"post","link":"https:\/\/diarioregionaldigital.com.br\/?p=90393","title":{"rendered":"Flamengo e S\u00e3o Paulo se enfrentam na final da Copa S\u00e3o Paulo de Futebol J\u00fanior"},"content":{"rendered":"<p>Flamengo e S\u00e3o Paulo &nbsp;far\u00e3o a final da&nbsp;Copa S\u00e3o Paulo de Futebol J\u00fanior , principal competi\u00e7\u00e3o sub-20 do pa\u00eds, nesta quinta-feira, 25, feriado na capital paulista, no&nbsp;est\u00e1dio do &nbsp;Pacaembu, \u00e0s 10h. Os paulistas conquistaram a vaga ao vencer nos p\u00eanaltis, em jogo que come\u00e7ou na segunda, 22, \u00e0 noite e s\u00f3 acabou nessa ter\u00e7a por conta da chuva que inundou o campo de Barueri. Os cariocas j\u00e1 haviam eliminado a Portuguesa na tarde da segunda-feira.<\/p>\n<p>Tricampe\u00e3o da principal competi\u00e7\u00e3o do Brasil entre jogadores da base &#8211; conquistou o t\u00edtulo em 1993, 2000 e 2010 -, o time paulista busca o tetra no torneio que come\u00e7ou com 128 equipes e 32 chaves de quatro clubes cada. Al\u00e9m das tr\u00eas conquistas, o SP tamb\u00e9m chegou em outras seis finais, totalizando nove.<\/p>\n<p>O Flamengo chega a sua quarta final \u2013 nas tr\u00eas anteriores (1990, 2011 e 2016), venceu. Na semifinal, venceu a Portuguesa por 3 a 2 no Canind\u00e9, com gols de Luiz Henrique e Vitor Gabriel. Gabriel, destaque do rubro-negro, n\u00e3o estar\u00e1 na final por suspens\u00e3o. Antes da Lusa, o time do treinador Maur\u00edcio Souza eliminou Ava\u00ed, Audax,&nbsp;Coritiba &nbsp;e Elosport-SP no mata-mata da Copinha.<\/p>\n","protected":false},"excerpt":{"rendered":"<p>Flamengo e S\u00e3o Paulo &nbsp;far\u00e3o a final da&nbsp;Copa S\u00e3o Paulo de Futebol J\u00fanior , principal competi\u00e7\u00e3o sub-20 do pa\u00eds, nesta quinta-feira, 25, feriado na capital paulista, no&nbsp;est\u00e1dio do &nbsp;Pacaembu, \u00e0s 10h. Os paulistas conquistaram a vaga ao vencer nos p\u00eanaltis, em jogo que come\u00e7ou na segunda, 22, \u00e0 noite e s\u00f3 acabou nessa ter\u00e7a por [&hellip;]<\/p>\n","protected":false},"author":96,"featured_media":90392,"comment_status":"closed","ping_status":"closed","sticky":false,"template":"","format":"standard","meta":{"footnotes":""},"categories":[257],"tags":[],"class_list":["post-90393","post","type-post","status-publish","format-standard","has-post-thumbnail","hentry","category-esporte"],"_links":{"self":[{"href":"https:\/\/diarioregionaldigital.com.br\/index.php?rest_route=\/wp\/v2\/posts\/90393","targetHints":{"allow":["GET"]}}],"collection":[{"href":"https:\/\/diarioregionaldigital.com.br\/index.php?rest_route=\/wp\/v2\/posts"}],"about":[{"href":"https:\/\/diarioregionaldigital.com.br\/index.php?rest_route=\/wp\/v2\/types\/post"}],"author":[{"embeddable":true,"href":"https:\/\/diarioregionaldigital.com.br\/index.php?rest_route=\/wp\/v2\/users\/96"}],"replies":[{"embeddable":true,"href":"https:\/\/diarioregionaldigital.com.br\/index.php?rest_route=%2Fwp%2Fv2%2Fcomments&post=90393"}],"version-history":[{"count":0,"href":"https:\/\/diarioregionaldigital.com.br\/index.php?rest_route=\/wp\/v2\/posts\/90393\/revisions"}],"wp:featuredmedia":[{"embeddable":true,"href":"https:\/\/diarioregionaldigital.com.br\/index.php?rest_route=\/wp\/v2\/media\/90392"}],"wp:attachment":[{"href":"https:\/\/diarioregionaldigital.com.br\/index.php?rest_route=%2Fwp%2Fv2%2Fmedia&parent=90393"}],"wp:term":[{"taxonomy":"category","embeddable":true,"href":"https:\/\/diarioregionaldigital.com.br\/index.php?rest_route=%2Fwp%2Fv2%2Fcategories&post=90393"},{"taxonomy":"post_tag","embeddable":true,"href":"https:\/\/diarioregionaldigital.com.br\/index.php?rest_route=%2Fwp%2Fv2%2Ftags&post=90393"}],"curies":[{"name":"wp","href":"https:\/\/api.w.org\/{rel}","templated":true}]}}