{"id":90391,"date":"2018-01-24T21:44:30","date_gmt":"2018-01-24T23:44:30","guid":{"rendered":"http:\/\/diarioregionaljf.com.br\/2018\/01\/24\/colonia-de-ferias-reune-mais-de-150-criancas-na-faculdade-de-educacao-fisica\/"},"modified":"2018-01-24T21:44:30","modified_gmt":"2018-01-24T23:44:30","slug":"colonia-de-ferias-reune-mais-de-150-criancas-na-faculdade-de-educacao-fisica","status":"publish","type":"post","link":"https:\/\/diarioregionaldigital.com.br\/?p=90391","title":{"rendered":"Col\u00f4nia de F\u00e9rias re\u00fane mais de 150 crian\u00e7as na Faculdade de Educa\u00e7\u00e3o F\u00edsica"},"content":{"rendered":"<p>Quem iria imaginar que em janeiro a Universidade Federal de Juiz de Fora (UFJF) estaria cheia\u2026 de crian\u00e7as. A movimenta\u00e7\u00e3o de mais de 150 delas, com idade entre 5 e 11 anos, acontece na Faculdade de Educa\u00e7\u00e3o F\u00edsica e Desportos (Faefid), com a realiza\u00e7\u00e3o da 2\u00aa Col\u00f4nia de F\u00e9rias, organizada pela empresa j\u00fanior da Educa\u00e7\u00e3o F\u00edsica, Ace Jr Assessoria e Consultoria Esportiva. As atividades, que tiveram in\u00edcio na segunda-feira, 22, v\u00e3o at\u00e9 &nbsp;sexta-feira, dia 26.<\/p>\n<p>O tema desta edi\u00e7\u00e3o \u00e9 \u201cRessignificando os jogos, brincando com o corpo\u201d, e tem na programa\u00e7\u00e3o brincadeiras com hist\u00f3rias e desenhos, jogos eletr\u00f4nicos, de tabuleiro e com \u00e1gua, al\u00e9m de gincanas. Para desenvolver as atividades, as crian\u00e7as foram divididas em tr\u00eas grupos, por faixa et\u00e1ria: 5 a 6, 7 a 8 e 9 a 11 anos de idade.<\/p>\n<p>De acordo com a coordenadora L\u00eddia dos Santos Zacarias, a proposta da atividade \u00e9 adaptar jogos de outros contextos para incentivar a movimenta\u00e7\u00e3o corporal, tirando as crian\u00e7as do \u00f3cio, da imers\u00e3o no mundo cibern\u00e9tico e tecnol\u00f3gico. \u201cDemos um novo significado para esses jogos que eles j\u00e1 conhecem, s\u00f3 que pelo celular, para que pudessem movimentar o corpo\u201d, afirma. Jogos como o cl\u00e1ssico Pac-Man e o sucesso Minecraft s\u00e3o alguns dos games que inspiraram as brincadeiras.<\/p>\n<p>O sucesso dessas adapta\u00e7\u00f5es \u00e9 not\u00e1vel nos olhos das crian\u00e7as, que valorizam o momento em que est\u00e3o fora de casa, e entendem que o exerc\u00edcio pode ser uma op\u00e7\u00e3o interessante no per\u00edodo de f\u00e9rias escolares. \u201cEstou gostando muito da atividade do labirinto do Pac-Man, mas eu tamb\u00e9m quero ir na piscina e jogar futebol. L\u00e1 em casa tem videogame, mas \u00e9 gostoso brincar aqui tamb\u00e9m\u201d, conta o jovem Felipe Gabriel Ferreira Aroni, de 6 anos.<\/p>\n<p>A vontade de se refrescar neste calor \u00e9 compartilhada por Barbara Oliveira, de 8 anos, que j\u00e1 conhece o \u2018caminho das pedras\u2019. \u201c\u00c9 a primeira vez que venho aqui na col\u00f4nia, eu j\u00e1 fa\u00e7o nata\u00e7\u00e3o aqui. Minha prima que me avisou, est\u00e1 muito legal, a gente fez v\u00e1rias atividades. Vou vir todos os dias e ano que vem j\u00e1 quero vir de novo,\u201d conta.<\/p>\n","protected":false},"excerpt":{"rendered":"<p>Quem iria imaginar que em janeiro a Universidade Federal de Juiz de Fora (UFJF) estaria cheia\u2026 de crian\u00e7as. A movimenta\u00e7\u00e3o de mais de 150 delas, com idade entre 5 e 11 anos, acontece na Faculdade de Educa\u00e7\u00e3o F\u00edsica e Desportos (Faefid), com a realiza\u00e7\u00e3o da 2\u00aa Col\u00f4nia de F\u00e9rias, organizada pela empresa j\u00fanior da Educa\u00e7\u00e3o [&hellip;]<\/p>\n","protected":false},"author":96,"featured_media":90390,"comment_status":"closed","ping_status":"closed","sticky":false,"template":"","format":"standard","meta":{"footnotes":""},"categories":[257],"tags":[],"class_list":["post-90391","post","type-post","status-publish","format-standard","has-post-thumbnail","hentry","category-esporte"],"_links":{"self":[{"href":"https:\/\/diarioregionaldigital.com.br\/index.php?rest_route=\/wp\/v2\/posts\/90391","targetHints":{"allow":["GET"]}}],"collection":[{"href":"https:\/\/diarioregionaldigital.com.br\/index.php?rest_route=\/wp\/v2\/posts"}],"about":[{"href":"https:\/\/diarioregionaldigital.com.br\/index.php?rest_route=\/wp\/v2\/types\/post"}],"author":[{"embeddable":true,"href":"https:\/\/diarioregionaldigital.com.br\/index.php?rest_route=\/wp\/v2\/users\/96"}],"replies":[{"embeddable":true,"href":"https:\/\/diarioregionaldigital.com.br\/index.php?rest_route=%2Fwp%2Fv2%2Fcomments&post=90391"}],"version-history":[{"count":0,"href":"https:\/\/diarioregionaldigital.com.br\/index.php?rest_route=\/wp\/v2\/posts\/90391\/revisions"}],"wp:featuredmedia":[{"embeddable":true,"href":"https:\/\/diarioregionaldigital.com.br\/index.php?rest_route=\/wp\/v2\/media\/90390"}],"wp:attachment":[{"href":"https:\/\/diarioregionaldigital.com.br\/index.php?rest_route=%2Fwp%2Fv2%2Fmedia&parent=90391"}],"wp:term":[{"taxonomy":"category","embeddable":true,"href":"https:\/\/diarioregionaldigital.com.br\/index.php?rest_route=%2Fwp%2Fv2%2Fcategories&post=90391"},{"taxonomy":"post_tag","embeddable":true,"href":"https:\/\/diarioregionaldigital.com.br\/index.php?rest_route=%2Fwp%2Fv2%2Ftags&post=90391"}],"curies":[{"name":"wp","href":"https:\/\/api.w.org\/{rel}","templated":true}]}}