{"id":90383,"date":"2018-01-24T21:29:19","date_gmt":"2018-01-24T23:29:19","guid":{"rendered":"http:\/\/diarioregionaljf.com.br\/2018\/01\/24\/regulamento-da-32-edicao-do-ranking-de-corridas-esta-disponivel-no-site-da-pjf\/"},"modified":"2018-01-24T21:29:19","modified_gmt":"2018-01-24T23:29:19","slug":"regulamento-da-32-edicao-do-ranking-de-corridas-esta-disponivel-no-site-da-pjf","status":"publish","type":"post","link":"https:\/\/diarioregionaldigital.com.br\/?p=90383","title":{"rendered":"Regulamento da 32\u00aa edi\u00e7\u00e3o do Ranking de Corridas est\u00e1 dispon\u00edvel no site da PJF"},"content":{"rendered":"<p>O tradicional Ranking Prefeitura de Juiz de Fora (PJF) de Corridas de Rua chega \u00e0 sua 32\u00aa edi\u00e7\u00e3o e traz novidades em seu regulamento, que j\u00e1 est\u00e1 dispon\u00edvel no site da PJF, para a temporada de 2018. Os interessados podem conferir o que \u00e9 necess\u00e1rio para se inscrever nas provas individuais e coletivas; a pontua\u00e7\u00e3o, de acordo com a coloca\u00e7\u00e3o do participante; e tirar d\u00favidas sobre cadastramento etc. Entre as novidades e observa\u00e7\u00f5es, a informa\u00e7\u00e3o de que n\u00e3o haver\u00e1 inscri\u00e7\u00f5es em dias de prova.<\/p>\n<p> A competi\u00e7\u00e3o, organizada pela PJF, atrav\u00e9s da Secretaria de Esporte e Lazer (SEL), e coordenada pelo Departamento de Inicia\u00e7\u00e3o, Forma\u00e7\u00e3o e Rendimento Esportivo, tem, entre outros objetivos, possibilitar a pr\u00e1tica desportiva, como instrumento de forma\u00e7\u00e3o cidad\u00e3 e inclus\u00e3o social. Al\u00e9m disso, tem o intuito de organizar, padronizar e desenvolver as estruturas e o n\u00edvel t\u00e9cnico do esporte na cidade.<\/p>\n<p> Informa\u00e7\u00f5es sobre participa\u00e7\u00e3o de pessoas com defici\u00eancia no Ranking 2018 podem ser obtidas atrav\u00e9s da PJF.<\/p>\n","protected":false},"excerpt":{"rendered":"<p>O tradicional Ranking Prefeitura de Juiz de Fora (PJF) de Corridas de Rua chega \u00e0 sua 32\u00aa edi\u00e7\u00e3o e traz novidades em seu regulamento, que j\u00e1 est\u00e1 dispon\u00edvel no site da PJF, para a temporada de 2018. Os interessados podem conferir o que \u00e9 necess\u00e1rio para se inscrever nas provas individuais e coletivas; a pontua\u00e7\u00e3o, [&hellip;]<\/p>\n","protected":false},"author":96,"featured_media":90382,"comment_status":"closed","ping_status":"closed","sticky":false,"template":"","format":"standard","meta":{"footnotes":""},"categories":[257],"tags":[],"class_list":["post-90383","post","type-post","status-publish","format-standard","has-post-thumbnail","hentry","category-esporte"],"_links":{"self":[{"href":"https:\/\/diarioregionaldigital.com.br\/index.php?rest_route=\/wp\/v2\/posts\/90383","targetHints":{"allow":["GET"]}}],"collection":[{"href":"https:\/\/diarioregionaldigital.com.br\/index.php?rest_route=\/wp\/v2\/posts"}],"about":[{"href":"https:\/\/diarioregionaldigital.com.br\/index.php?rest_route=\/wp\/v2\/types\/post"}],"author":[{"embeddable":true,"href":"https:\/\/diarioregionaldigital.com.br\/index.php?rest_route=\/wp\/v2\/users\/96"}],"replies":[{"embeddable":true,"href":"https:\/\/diarioregionaldigital.com.br\/index.php?rest_route=%2Fwp%2Fv2%2Fcomments&post=90383"}],"version-history":[{"count":0,"href":"https:\/\/diarioregionaldigital.com.br\/index.php?rest_route=\/wp\/v2\/posts\/90383\/revisions"}],"wp:featuredmedia":[{"embeddable":true,"href":"https:\/\/diarioregionaldigital.com.br\/index.php?rest_route=\/wp\/v2\/media\/90382"}],"wp:attachment":[{"href":"https:\/\/diarioregionaldigital.com.br\/index.php?rest_route=%2Fwp%2Fv2%2Fmedia&parent=90383"}],"wp:term":[{"taxonomy":"category","embeddable":true,"href":"https:\/\/diarioregionaldigital.com.br\/index.php?rest_route=%2Fwp%2Fv2%2Fcategories&post=90383"},{"taxonomy":"post_tag","embeddable":true,"href":"https:\/\/diarioregionaldigital.com.br\/index.php?rest_route=%2Fwp%2Fv2%2Ftags&post=90383"}],"curies":[{"name":"wp","href":"https:\/\/api.w.org\/{rel}","templated":true}]}}