{"id":90381,"date":"2018-01-24T21:23:38","date_gmt":"2018-01-24T23:23:38","guid":{"rendered":"http:\/\/diarioregionaljf.com.br\/2018\/01\/24\/especialista-esclarece-quem-nao-deve-se-vacinar-contra-febre-amarela-e-as-formas-de-prevencao\/"},"modified":"2018-01-24T21:23:38","modified_gmt":"2018-01-24T23:23:38","slug":"especialista-esclarece-quem-nao-deve-se-vacinar-contra-febre-amarela-e-as-formas-de-prevencao","status":"publish","type":"post","link":"https:\/\/diarioregionaldigital.com.br\/?p=90381","title":{"rendered":"Especialista esclarece quem n\u00e3o deve se vacinar contra febre amarela e as formas de preven\u00e7\u00e3o"},"content":{"rendered":"<p>Com aumento no n\u00famero de casos e mortes por febre amarela no estado de Minas Gerais (25 \u00f3bitos at\u00e9 agora, de acordo com o Boletim Epidemiol\u00f3gico divulgado pela Secretaria de Estado de Sa\u00fade de Minas Gerais (SES\/MG), na ter\u00e7a-feira, 23), centenas de pessoas t\u00eam se deslocado at\u00e9 os postos de sa\u00fade para tomar a vacina. O crescimento da demanda tamb\u00e9m eleva as d\u00favidas da popula\u00e7\u00e3o que, em muitos dos casos, n\u00e3o sabe se deve ou n\u00e3o ser vacinada. Diante disso, o m\u00e9dico infectologista, Rodrigo Daniel de Souza esclarece para os leitores do Di\u00e1rio Regional em quais situa\u00e7\u00f5es a vacina \u00e9 contraindicada.<\/p>\n<p>&nbsp;<\/p>\n<h4>QUEM N\u00c3O DEVE TOMAR A VACINA?<\/h4>\n<p>De acordo com o especialista, pacientes que est\u00e3o com o sistema imunol\u00f3gico fragilizado ou que t\u00eam alergias aos componentes do ovo n\u00e3o devem se vacinar. \u201cNesses casos, a imuniza\u00e7\u00e3o pode causar problemas graves. O paciente com sistema imunol\u00f3gico enfraquecido por alguma doen\u00e7a mais s\u00e9ria desenvolve um quadro semelhante ao da febre amarela, a doen\u00e7a viscerotr\u00f3pica aguda. Isso ocorre porque a vacina possui o v\u00edrus atenuado (v\u00edrus vivo), que estimula o organismo a produzir anticorpos que protegem contra a doen\u00e7a. Estando debilitado, o corpo n\u00e3o consegue conter a multiplica\u00e7\u00e3o do v\u00edrus inserido pela vacina\u201d, explica Souza.<\/p>\n<p>A orienta\u00e7\u00e3o tamb\u00e9m \u00e9 v\u00e1lida para portadores de doen\u00e7as autoimunes. \u201cPacientes em radioterapia, quimioterapia ou que estejam fazendo uso de corticoide, portadores de l\u00fapus, doen\u00e7a de Addison e artrite reumatoide n\u00e3o devem se vacinar\u201d, refor\u00e7a.<\/p>\n<p>&nbsp;<\/p>\n<h4>GESTANTES E MULHERES QUE AMAMENTAM<\/h4>\n<p>Gr\u00e1vidas e mulheres que amamentam bebes de at\u00e9 seis meses devem procurar um m\u00e9dico antes de vacinar. \u201cO especialista vai analisar o caso e indicar se \u00e9 recomend\u00e1vel ou n\u00e3o a vacina\u00e7\u00e3o. Lembrando que as mulheres que estiverem amamentando, ap\u00f3s tomar a vacina, n\u00e3o poder\u00e3o amamentar nos pr\u00f3ximos 10 dias\u201d, frisa Souza.<\/p>\n<p>&nbsp;<\/p>\n<h4>E OS IDOSOS?<\/h4>\n<p>A vacina \u00e9 recomendada para pessoas entre nove meses de vida e 59 anos. \u201cOs idosos, acima dessa faixa et\u00e1ria, tamb\u00e9m devem ser submetidos \u00e0 avalia\u00e7\u00e3o m\u00e9dica, que vai avaliar o sistema imunol\u00f3gico e os riscos de contamina\u00e7\u00e3o da doen\u00e7a\u201d, diz.<\/p>\n<p>&nbsp;<\/p>\n<h4>POSSO DOAR SANGUE?<\/h4>\n<p>\u201cO recomendado \u00e9 doar sangue antes de se vacinar. Caso contr\u00e1rio, a pessoa deve esperar 30 dias ap\u00f3s a imuniza\u00e7\u00e3o para doar\u201d, lembra Souza.<\/p>\n<p>&nbsp;<\/p>\n<h4>REA\u00c7\u00d5ES ADVERSAS<\/h4>\n<p>Segundo o m\u00e9dico, apenas cerca de 4% das pessoas que s\u00e3o vacinadas apresentam algum sintoma. \u201cAs estat\u00edsticas apontam que um em cada 25 vacinados pode vir a apresentar sintomas leves nos primeiros dez dias da aplica\u00e7\u00e3o da vacina. Podem ter febre, dores musculares, n\u00e1useas, mas s\u00e3o efeitos de curta dura\u00e7\u00e3o\u201d, afirma.<\/p>\n<p>&nbsp;<\/p>\n<h4>COMO SE PROTEGER ENT\u00c3O?<\/h4>\n<p>Nos casos em que a vacina n\u00e3o \u00e9 indicada, Souza recomenda algumas formas de preven\u00e7\u00e3o. \u201cAs pessoas devem evitar o contato direto com \u00e1reas de mata. Outra alternativa \u00e9 inibir a entrada dos mosquitos nas resid\u00eancias, por meio de telas instaladas em portas e janelas e, durante o sono, usar um mosquiteiro\u201d, orienta.<\/p>\n<p>\u201cO uso de repelentes \u00e9 bastante eficaz. Eles devem ser aplicados segundo a recomenda\u00e7\u00e3o do fabricante, pois cada um tem o tempo de a\u00e7\u00e3o. Ao adentrar a \u00e1rea de mata, \u00e9 importante utilizar roupas longas, folgadas, o que dificultar\u00e1 a entrada dos mosquitos. Nesse caso, o repelente deve ser aplicado por cima da roupa, evitando que o mosquito se infiltre na vestimenta e acompanhe a pessoa at\u00e9 outros locais, em que ele possa fazer novas v\u00edtimas que n\u00e3o estiveram protegidas\u201d, acrescenta Souza.<\/p>\n<p>&nbsp;<\/p>\n","protected":false},"excerpt":{"rendered":"<p>Com aumento no n\u00famero de casos e mortes por febre amarela no estado de Minas Gerais (25 \u00f3bitos at\u00e9 agora, de acordo com o Boletim Epidemiol\u00f3gico divulgado pela Secretaria de Estado de Sa\u00fade de Minas Gerais (SES\/MG), na ter\u00e7a-feira, 23), centenas de pessoas t\u00eam se deslocado at\u00e9 os postos de sa\u00fade para tomar a vacina. [&hellip;]<\/p>\n","protected":false},"author":96,"featured_media":90380,"comment_status":"closed","ping_status":"closed","sticky":false,"template":"","format":"standard","meta":{"footnotes":""},"categories":[253],"tags":[],"class_list":["post-90381","post","type-post","status-publish","format-standard","has-post-thumbnail","hentry","category-cidade"],"_links":{"self":[{"href":"https:\/\/diarioregionaldigital.com.br\/index.php?rest_route=\/wp\/v2\/posts\/90381","targetHints":{"allow":["GET"]}}],"collection":[{"href":"https:\/\/diarioregionaldigital.com.br\/index.php?rest_route=\/wp\/v2\/posts"}],"about":[{"href":"https:\/\/diarioregionaldigital.com.br\/index.php?rest_route=\/wp\/v2\/types\/post"}],"author":[{"embeddable":true,"href":"https:\/\/diarioregionaldigital.com.br\/index.php?rest_route=\/wp\/v2\/users\/96"}],"replies":[{"embeddable":true,"href":"https:\/\/diarioregionaldigital.com.br\/index.php?rest_route=%2Fwp%2Fv2%2Fcomments&post=90381"}],"version-history":[{"count":0,"href":"https:\/\/diarioregionaldigital.com.br\/index.php?rest_route=\/wp\/v2\/posts\/90381\/revisions"}],"wp:featuredmedia":[{"embeddable":true,"href":"https:\/\/diarioregionaldigital.com.br\/index.php?rest_route=\/wp\/v2\/media\/90380"}],"wp:attachment":[{"href":"https:\/\/diarioregionaldigital.com.br\/index.php?rest_route=%2Fwp%2Fv2%2Fmedia&parent=90381"}],"wp:term":[{"taxonomy":"category","embeddable":true,"href":"https:\/\/diarioregionaldigital.com.br\/index.php?rest_route=%2Fwp%2Fv2%2Fcategories&post=90381"},{"taxonomy":"post_tag","embeddable":true,"href":"https:\/\/diarioregionaldigital.com.br\/index.php?rest_route=%2Fwp%2Fv2%2Ftags&post=90381"}],"curies":[{"name":"wp","href":"https:\/\/api.w.org\/{rel}","templated":true}]}}