{"id":90379,"date":"2018-01-24T21:15:26","date_gmt":"2018-01-24T23:15:26","guid":{"rendered":"http:\/\/diarioregionaljf.com.br\/2018\/01\/24\/cartorio-benfica-25-01\/"},"modified":"2018-08-13T20:34:59","modified_gmt":"2018-08-13T23:34:59","slug":"cartorio-benfica-25-01","status":"publish","type":"post","link":"https:\/\/diarioregionaldigital.com.br\/?p=90379","title":{"rendered":"Cart\u00f3rio Benfica 25\/01\/18"},"content":{"rendered":"<p>REP\u00daBLICA FEDERATIVA DO BRASIL ESTADO DE MINAS GERAIS<\/p>\n<p>Cart\u00f3rio de Registro Civil 3\u00ba Subdistrito &#8211; Juiz de Fora MG Oficial Titular: Mariana Sad Albuquerque e Castro<\/p>\n<p>Rua Tom\u00e9 de Souza, 49 &#8211; Lj 03 Benfica<br \/>36090270 &#8211; Juiz de Fora &#8211; MG<\/p>\n<p>Faz saber que pretendem casar-se:<\/p>\n<p>01 &#8211; ANDR\u00c9 LU\u00cdS DOS REIS SILVA, resid\u00eancia Rua Jos\u00e9 Rubens Moreira, n\u00ba600, Santa Cruz, Juiz de Fora-MG; e ELIANA DA SILVA DIAS, resid\u00eancia Rua Jos\u00e9 Rubens Moreira, n\u00ba600, 600, Santa Cruz, Juiz de Fora-MG;<\/p>\n<p>02 &#8211; IGOR SOARES DE OLIVEIRA ASSIS, resid\u00eancia Rua Onofre Oliveira Salles, 190\/301, Santa Maria, Juiz de Fora-MG; e ALLINE KELLY REIS DE SOUZA, resid\u00eancia Rua Onofre Oliveira Salles, 190\/301, Santa Maria, Juiz de Fora-MG;<\/p>\n<p>03 &#8211; JORGE AMARO CALDEIRA, resid\u00eancia Rua Coronel Jos\u00e9 Domingos dos Reis, 136, Benfica, Juiz de Fora-MG; e ANA BEATRIZ CARLOS, resid\u00eancia Rua Quatro A, 59, Benfica, Juiz de Fora-MG;<\/p>\n<p>04 &#8211; LEONARDO FERREIRA SERRINHA, resid\u00eancia Rua Angelino Mariano, n\u00ba44, Benfica, Juiz de Fora-MG; e NAYARA DOS SANTOS S\u00c1, resid\u00eancia Rua Jos\u00e9 Lib\u00e2nio da Fonseca, n\u00ba125, Benfica, Juiz de Fora-MG;<\/p>\n<p>05 &#8211; TALLEY DE SOUZA VILETE, resid\u00eancia Avenida In\u00eas Garcia, n\u00ba665 apto 05, Benfica, Juiz de Fora-MG; e MARIA CAROLINE DA SILVA, resid\u00eancia Avenida In\u00eas Garcia, n\u00ba665 apto 05, Benfica, Juiz de Fora-MG.<\/p>\n<p>Os contraentes apresentaram os documentos exigidos pelo art.1525 do C\u00f3digo Civil Brasileiro. Se algu\u00e9m souber de algum impedimento, que os impe\u00e7am de se casar, que o fa\u00e7a na forma da Lei:<\/p>\n<p>Juiz de Fora , 24\/01\/2018<\/p>\n<p>MARIANA SAD ALBUQUERQUE E CASTRO<br \/>Oficial do Registro Civil<br \/>Cartosoft &#8211; Automa\u00e7\u00e3o de Cart\u00f3rios do Registro Civil www.cartosoft.com.br<\/p>\n","protected":false},"excerpt":{"rendered":"<p>REP\u00daBLICA FEDERATIVA DO BRASIL ESTADO DE MINAS GERAIS Cart\u00f3rio de Registro Civil 3\u00ba Subdistrito &#8211; Juiz de Fora MG Oficial Titular: Mariana Sad Albuquerque e Castro Rua Tom\u00e9 de Souza, 49 &#8211; Lj 03 Benfica36090270 &#8211; Juiz de Fora &#8211; MG Faz saber que pretendem casar-se: 01 &#8211; ANDR\u00c9 LU\u00cdS DOS REIS SILVA, resid\u00eancia Rua [&hellip;]<\/p>\n","protected":false},"author":96,"featured_media":0,"comment_status":"closed","ping_status":"closed","sticky":false,"template":"","format":"standard","meta":{"footnotes":""},"categories":[307],"tags":[],"class_list":["post-90379","post","type-post","status-publish","format-standard","hentry","category-editais"],"_links":{"self":[{"href":"https:\/\/diarioregionaldigital.com.br\/index.php?rest_route=\/wp\/v2\/posts\/90379","targetHints":{"allow":["GET"]}}],"collection":[{"href":"https:\/\/diarioregionaldigital.com.br\/index.php?rest_route=\/wp\/v2\/posts"}],"about":[{"href":"https:\/\/diarioregionaldigital.com.br\/index.php?rest_route=\/wp\/v2\/types\/post"}],"author":[{"embeddable":true,"href":"https:\/\/diarioregionaldigital.com.br\/index.php?rest_route=\/wp\/v2\/users\/96"}],"replies":[{"embeddable":true,"href":"https:\/\/diarioregionaldigital.com.br\/index.php?rest_route=%2Fwp%2Fv2%2Fcomments&post=90379"}],"version-history":[{"count":0,"href":"https:\/\/diarioregionaldigital.com.br\/index.php?rest_route=\/wp\/v2\/posts\/90379\/revisions"}],"wp:attachment":[{"href":"https:\/\/diarioregionaldigital.com.br\/index.php?rest_route=%2Fwp%2Fv2%2Fmedia&parent=90379"}],"wp:term":[{"taxonomy":"category","embeddable":true,"href":"https:\/\/diarioregionaldigital.com.br\/index.php?rest_route=%2Fwp%2Fv2%2Fcategories&post=90379"},{"taxonomy":"post_tag","embeddable":true,"href":"https:\/\/diarioregionaldigital.com.br\/index.php?rest_route=%2Fwp%2Fv2%2Ftags&post=90379"}],"curies":[{"name":"wp","href":"https:\/\/api.w.org\/{rel}","templated":true}]}}