{"id":90378,"date":"2018-01-24T21:13:52","date_gmt":"2018-01-24T23:13:52","guid":{"rendered":"http:\/\/diarioregionaljf.com.br\/2018\/01\/24\/cartorio-villela-25-01\/"},"modified":"2018-08-13T20:34:59","modified_gmt":"2018-08-13T23:34:59","slug":"cartorio-villela-25-01","status":"publish","type":"post","link":"https:\/\/diarioregionaldigital.com.br\/?p=90378","title":{"rendered":"Cart\u00f3rio Villela 25\/01\/18"},"content":{"rendered":"<p>REP\u00daBLICA FEDERATIVA DO BRASIL ESTADO DE MINAS GERAIS<\/p>\n<p>Cart\u00f3rio de Registro Civil do 2\u00ba Subdistrito de Juiz de Fora &#8211; MG Oficial Titular: Carlos Jos\u00e9 Ribeiro de Castro<\/p>\n<p>Rua Bar\u00e3o de Cataguases, 15 Centro<br \/>36015-370 &#8211; Juiz de Fora &#8211; MG<\/p>\n<p>Faz saber que pretendem casar-se:<\/p>\n<p>01 &#8211; ADEMIR OLIVEIRA FRAN\u00c7A, divorciado, Vendedor, resid\u00eancia Rua Professor Milton Coutinho, 55\/102, Progresso, Juiz de Fora-MG; e DEBORA DE PAULA PEREIRA, solteira, Auxiliar de produ\u00e7\u00e3o, resid\u00eancia Rua Venina Rocha de Almeida, 100\/269, J\u00f3quei Clube, Juiz de Fora-MG<\/p>\n<p>02 &#8211; ALEXANDRE FAUSTINO COSTA, solteiro, montador de m\u00f3veis, resid\u00eancia Rua Ottoni de Campos Alvim, 140, Milho Branco, Juiz de Fora-MG; e TATIANA CRISTINA DAMASCENO, solteira, auxiliar administrativo, resid\u00eancia Rua Carmela Dutra, 215, N. Sra. Aparecida, Juiz de Fora-MG<\/p>\n<p>03 &#8211; BRENNO SCHNEIDER OLIVEIRA E SILVA, solteiro, Autonomo, resid\u00eancia Rua Luiz Rocha,925, Eldorado, Juiz de Fora-MG; e ANA LUIZA DE OLIVEIRA SOUZA, solteira, Funcion\u00e1ria P\u00fablica, resid\u00eancia Rua Luiz Rocha,925, Eldorado, Juiz de Fora-MG<\/p>\n<p>04 &#8211; CRISTIANO CAMPOS CORR\u00caA, solteiro, motorista, resid\u00eancia Rua Diva Garcia, 2815, 2815, Linhares, Juiz de Fora-MG; e SARA PEREIRA DE OLIVEIRA, solteira, vendedora, resid\u00eancia Rua Diva Garcia, 2815, 2815, Linhares, Juiz de Fora-MG<\/p>\n<p>05 &#8211; FELIPE ESTEVES DA SILVA, solteiro, Supervisor Operacional, resid\u00eancia Rua Professora Walquiria Seixas de Faria, 223, Esplanada, Juiz de Fora-MG; e DAYANA FERREIRA DA LUZ, solteira, Vendedora, resid\u00eancia Rua Professora Walquiria Seixas de Faria, 223, Esplanada, Juiz de Fora-MG<\/p>\n<p>06 &#8211; HARLISON SCHAEFER MEIRELES, solteiro, supervisor de produ\u00e7\u00e3o, resid\u00eancia Rua Sim\u00e3o Gabriel Sfeir, 60 casa 01, Borboleta, Juiz de Fora-MG; e ADRIANA GON\u00c7ALVES DE SOUSA, solteira, professora, resid\u00eancia Rua A\u00e7ai, 65, Amaz\u00f4nia, Juiz de Fora-MG<\/p>\n<p>07 &#8211; JOS\u00c9 MARTINS DE SOUZA, divorciado, porteiro, resid\u00eancia Rua Sebasti\u00e3o Costa,312, Vila Alpina, Juiz de Fora-MG; e GISELLE LEITE BENEDITO, divorciada, Dom\u00e9stica, resid\u00eancia Rua Sebasti\u00e3o Costa,312, Vila Alpina, Juiz de Fora-MG<\/p>\n<p>08 &#8211; JULIO C\u00c9SAR MOREIRA GON\u00c7ALVES, solteiro, comerciante, resid\u00eancia Rua Professor Violeta Santos, 31\/bl.03\/apto.306, 31, Democrata, Juiz de Fora-MG; e MICHELLE MARTINS FRANCO, solteira, comerciante, resid\u00eancia Rua Professor Violeta Santos, 31\/bl.03\/apto.306, 31, Democrata, Juiz de Fora-MG<\/p>\n<p>09 &#8211; LUCAS COSTA MELLO, solteiro, administrador, resid\u00eancia Estrada Fazenda Vista Alegre, Enseada 03 &#8211; Granja 16, Grama, Juiz de Fora-MG; e LORENA MOREIRA DIAS, solteira, Turism\u00f3loga, resid\u00eancia Estrada Fazenda Vista Alegre, Enseada 03 &#8211; Granja 16, , Juiz de Fora-MG<\/p>\n<p>10 &#8211; LUIZ ARTHUR RODRIGUES DE MELLO, divorciado, Professor, resid\u00eancia Rua General Jo\u00e3o Marcelino,52\/202, Santa Helena, Juiz de Fora-MG; e MARIA CLARA MARTINS LOPES DE ARAUJO, vi\u00fava, Professora, resid\u00eancia Rua Bar\u00e3o de Cataguases,420\/601, Santa Helena, Juiz de Fora-MG<\/p>\n<p>11 &#8211; VIRG\u00cdLIO ALMEIDA DE CARVALHO, solteiro, t\u00e9cnico de seguran\u00e7a de trabalho, resid\u00eancia Av. Get\u00falio Vargas, 695\/10, Centro, Juiz de Fora-MG; e K\u00c1TIA SIMONE DE SOUZA, solteira, secret\u00e1ria, resid\u00eancia Av. Get\u00falio Vargas, 695\/10, Centro, Juiz de Fora-MG<\/p>\n<p>12 &#8211; WAGNER ANTONIO BASILIO, solteiro, Salgadeiro, resid\u00eancia Rua Adelaide Campos Resende,862, Jk, Juiz de Fora-MG; e MILZZA FELIPE DA SILVA, solteira, Faxineira, resid\u00eancia Rua Adelaide Campos Resende,862, Jk, Juiz de Fora-MG<\/p>\n<p>13 &#8211; YURI SOARES IN\u00c1CIO, solteiro, Militar, resid\u00eancia Rua Jos\u00e9 Lib\u00e2nio Rodrigues, 608\/301, Bandeirantes, Juiz de Fora-MG; e RAYANE CORREIA ALBERTASSI, solteira, Estudante, resid\u00eancia Rua Jos\u00e9 Lib\u00e2nio Rodrigues, 608\/301, Bandeirantes, Juiz de Fora-MG<\/p>\n<p>14 &#8211; VINICIUS GUIMAR\u00c3ES FRAGA, gerente de vendas, solteiro, resid\u00eancia Rua Floriano Peixoto, 440\/701, Centro, Juiz de Fora-MG; e RAQUEL CLARO RIBEIRO, solteira, m\u00e9dica, resid\u00eancia Rua Floriano Peixoto, 440\/701, Centro, Juiz de Fora-MG<\/p>\n<p>15 &#8211; PAULO JOS\u00c9 DOS SANTOS, divorciado, professor, resid\u00eancia Rua Izolino Gon\u00e7alves Coelho, 160, Stos. Dumont, Juiz de Fora-MG; e \u00c9RICA FERREIRA DOS SANTOS, solteira, cabeleireira, resid\u00eancia Av. Cardoso Saraiva, 814\/401, Centro, Matias Barbosa-MG<\/p>\n<p>Os contraentes apresentaram os documentos exigidos pelo art.1525 do C\u00f3digo Civil Brasileiro. Se algu\u00e9m souber de algum impedimento, que os impe\u00e7am de se casar, que o fa\u00e7a na forma da Lei:<\/p>\n<p>Juiz de Fora , 25\/01\/2018<\/p>\n","protected":false},"excerpt":{"rendered":"<p>REP\u00daBLICA FEDERATIVA DO BRASIL ESTADO DE MINAS GERAIS Cart\u00f3rio de Registro Civil do 2\u00ba Subdistrito de Juiz de Fora &#8211; MG Oficial Titular: Carlos Jos\u00e9 Ribeiro de Castro Rua Bar\u00e3o de Cataguases, 15 Centro36015-370 &#8211; Juiz de Fora &#8211; MG Faz saber que pretendem casar-se: 01 &#8211; ADEMIR OLIVEIRA FRAN\u00c7A, divorciado, Vendedor, resid\u00eancia Rua Professor [&hellip;]<\/p>\n","protected":false},"author":96,"featured_media":0,"comment_status":"closed","ping_status":"closed","sticky":false,"template":"","format":"standard","meta":{"footnotes":""},"categories":[307],"tags":[],"class_list":["post-90378","post","type-post","status-publish","format-standard","hentry","category-editais"],"_links":{"self":[{"href":"https:\/\/diarioregionaldigital.com.br\/index.php?rest_route=\/wp\/v2\/posts\/90378","targetHints":{"allow":["GET"]}}],"collection":[{"href":"https:\/\/diarioregionaldigital.com.br\/index.php?rest_route=\/wp\/v2\/posts"}],"about":[{"href":"https:\/\/diarioregionaldigital.com.br\/index.php?rest_route=\/wp\/v2\/types\/post"}],"author":[{"embeddable":true,"href":"https:\/\/diarioregionaldigital.com.br\/index.php?rest_route=\/wp\/v2\/users\/96"}],"replies":[{"embeddable":true,"href":"https:\/\/diarioregionaldigital.com.br\/index.php?rest_route=%2Fwp%2Fv2%2Fcomments&post=90378"}],"version-history":[{"count":0,"href":"https:\/\/diarioregionaldigital.com.br\/index.php?rest_route=\/wp\/v2\/posts\/90378\/revisions"}],"wp:attachment":[{"href":"https:\/\/diarioregionaldigital.com.br\/index.php?rest_route=%2Fwp%2Fv2%2Fmedia&parent=90378"}],"wp:term":[{"taxonomy":"category","embeddable":true,"href":"https:\/\/diarioregionaldigital.com.br\/index.php?rest_route=%2Fwp%2Fv2%2Fcategories&post=90378"},{"taxonomy":"post_tag","embeddable":true,"href":"https:\/\/diarioregionaldigital.com.br\/index.php?rest_route=%2Fwp%2Fv2%2Ftags&post=90378"}],"curies":[{"name":"wp","href":"https:\/\/api.w.org\/{rel}","templated":true}]}}