{"id":90377,"date":"2018-01-24T21:13:44","date_gmt":"2018-01-24T23:13:44","guid":{"rendered":"http:\/\/diarioregionaljf.com.br\/2018\/01\/24\/ss-intensifica-acoes-contra-o-aedes-aegypti-em-regioes-com-maior-indice-de-infestacao\/"},"modified":"2018-01-24T21:13:44","modified_gmt":"2018-01-24T23:13:44","slug":"ss-intensifica-acoes-contra-o-aedes-aegypti-em-regioes-com-maior-indice-de-infestacao","status":"publish","type":"post","link":"https:\/\/diarioregionaldigital.com.br\/?p=90377","title":{"rendered":"SS intensifica a\u00e7\u00f5es contra o Aedes aegypti em regi\u00f5es com maior \u00edndice de infesta\u00e7\u00e3o"},"content":{"rendered":"<p>A Subsecretaria de Vigil\u00e2ncia em Sa\u00fade da Secretaria de Sa\u00fade (SS) intensificou a\u00e7\u00f5es de controle vetorial e focal contra o mosquito Aedes aegypti. Elas foram planejadas com base no Levantamento do \u00cdndice R\u00e1pido (Liraa), divulgado na sexta-feira, 19, que apontou \u00edndice de infesta\u00e7\u00e3o de 3,9%. Os trabalhos est\u00e3o sendo realizados em diversas regi\u00f5es da cidade, preferencialmente onde os n\u00fameros foram mais altos e registrados focos positivos, al\u00e9m de outros pontos estrat\u00e9gicos.<\/p>\n<p>O refor\u00e7o tem sido no sentido de aplicar o inseticida conhecido como \u201cfumac\u00ea\u201d. As a\u00e7\u00f5es contra o Aedes s\u00e3o de preven\u00e7\u00e3o \u00e0s doen\u00e7as provocadas por ele, como dengue, zika, chikungunya e febre amarela urbana. Apesar de Juiz de Fora n\u00e3o ter casos desta \u00faltima doen\u00e7a, o combate ao vetor evita a reinser\u00e7\u00e3o da mesma na \u00e1rea urbana da cidade.<\/p>\n<p>O Liraa apontou que 86% dos focos est\u00e3o dentro das casas e estabelecimentos comerciais. Por isto, a Secretaria de Sa\u00fade (SS) da Prefeitura de Juiz de Fora (PJF) insiste no apelo \u00e0 popula\u00e7\u00e3o sobre a import\u00e2ncia de dedicar dez minutos por semana para checar as casas. Al\u00e9m disso, os agentes de endemias est\u00e3o empenhados na vistoria constante das resid\u00eancias, e a aplica\u00e7\u00e3o do \u201cfumac\u00ea\u201d tem sido realizada para garantir o bloqueio da transmiss\u00e3o da doen\u00e7a.<\/p>\n<p>&nbsp;<\/p>\n<p>Fonte: Assessoria<\/p>\n","protected":false},"excerpt":{"rendered":"<p>A Subsecretaria de Vigil\u00e2ncia em Sa\u00fade da Secretaria de Sa\u00fade (SS) intensificou a\u00e7\u00f5es de controle vetorial e focal contra o mosquito Aedes aegypti. Elas foram planejadas com base no Levantamento do \u00cdndice R\u00e1pido (Liraa), divulgado na sexta-feira, 19, que apontou \u00edndice de infesta\u00e7\u00e3o de 3,9%. Os trabalhos est\u00e3o sendo realizados em diversas regi\u00f5es da cidade, [&hellip;]<\/p>\n","protected":false},"author":96,"featured_media":90376,"comment_status":"closed","ping_status":"closed","sticky":false,"template":"","format":"standard","meta":{"footnotes":""},"categories":[253],"tags":[],"class_list":["post-90377","post","type-post","status-publish","format-standard","has-post-thumbnail","hentry","category-cidade"],"_links":{"self":[{"href":"https:\/\/diarioregionaldigital.com.br\/index.php?rest_route=\/wp\/v2\/posts\/90377","targetHints":{"allow":["GET"]}}],"collection":[{"href":"https:\/\/diarioregionaldigital.com.br\/index.php?rest_route=\/wp\/v2\/posts"}],"about":[{"href":"https:\/\/diarioregionaldigital.com.br\/index.php?rest_route=\/wp\/v2\/types\/post"}],"author":[{"embeddable":true,"href":"https:\/\/diarioregionaldigital.com.br\/index.php?rest_route=\/wp\/v2\/users\/96"}],"replies":[{"embeddable":true,"href":"https:\/\/diarioregionaldigital.com.br\/index.php?rest_route=%2Fwp%2Fv2%2Fcomments&post=90377"}],"version-history":[{"count":0,"href":"https:\/\/diarioregionaldigital.com.br\/index.php?rest_route=\/wp\/v2\/posts\/90377\/revisions"}],"wp:featuredmedia":[{"embeddable":true,"href":"https:\/\/diarioregionaldigital.com.br\/index.php?rest_route=\/wp\/v2\/media\/90376"}],"wp:attachment":[{"href":"https:\/\/diarioregionaldigital.com.br\/index.php?rest_route=%2Fwp%2Fv2%2Fmedia&parent=90377"}],"wp:term":[{"taxonomy":"category","embeddable":true,"href":"https:\/\/diarioregionaldigital.com.br\/index.php?rest_route=%2Fwp%2Fv2%2Fcategories&post=90377"},{"taxonomy":"post_tag","embeddable":true,"href":"https:\/\/diarioregionaldigital.com.br\/index.php?rest_route=%2Fwp%2Fv2%2Ftags&post=90377"}],"curies":[{"name":"wp","href":"https:\/\/api.w.org\/{rel}","templated":true}]}}