{"id":90375,"date":"2018-01-24T21:11:58","date_gmt":"2018-01-24T23:11:58","guid":{"rendered":"http:\/\/diarioregionaljf.com.br\/2018\/01\/24\/cartorio-cobucci-25-01\/"},"modified":"2018-08-13T20:35:00","modified_gmt":"2018-08-13T23:35:00","slug":"cartorio-cobucci-25-01","status":"publish","type":"post","link":"https:\/\/diarioregionaldigital.com.br\/?p=90375","title":{"rendered":"Cartorio Cobucci 25\/01\/18"},"content":{"rendered":"<p>REP\u00daBLICA FEDERATIVA DO BRASIL ESTADO DE MINAS GERAIS<\/p>\n<p>REGISTRO CIVIL DAS PESSOAS NATURAIS, INTERDI\u00c7\u00d5ES E TUTELAS 1\u00ba SUBDISTRITO<\/p>\n<p>Oficial Titular: JOS\u00c9 THADEU MACHADO COBUCCI<\/p>\n<p>Av. Pres. Itamar Franco, 1.522 Centro<br \/>36016-320 &#8211; Juiz de Fora \u2013 MG<\/p>\n<p>Faz saber que pretendem casar-se:<\/p>\n<p>01 &#8211; LEONARDO FERNANDES DOS SANTOS, maior, cirurgi\u00e3o dentista, resid\u00eancia Rua Luiz Detsi, 54, S\u00e3o Mateus, Juiz de Fora-MG e CAROLINA VARGAS DE OLIVEIRA, maior, nutricionista, resid\u00eancia Rua Francisco Senra, 11\/202, Boa Vista, Juiz de Fora-MG<\/p>\n<p>02 &#8211; MARCELO DE CARVALHO TAVARES, maior, engenheiro civil, resid\u00eancia Rua Petrus Zaka, 180\/502,, Cascatinha, Juiz de Fora-MG e LA\u00cdS MAINI MIRANDA, maior, fisioterapeuta, resid\u00eancia Rua Santos Dumont, 490\/202,, Granbery, Juiz de Fora-MG<\/p>\n<p>03 &#8211; JONAS DA SILVA, maior, educador social, resid\u00eancia Rua Ol\u00edvia Moreira, 283, Bela Aurora, Juiz de Fora-MG e RAFAELA DA SILVA LOPES, maior, consultora de vendas, resid\u00eancia Rua Doutor Edmundo Lys,100, Sagrado Cora\u00e7\u00e3o de Jesus, Juiz de Fora-MG<\/p>\n<p>04 &#8211; DANIEL NAZARETH MOREIRA, maior, operador de caixa, resid\u00eancia Rua Doutor Dirceu de Andrade, 107\/502, S\u00e3o Mateus, Juiz de Fora-MG e FERNANDA OLIVEIRA MATIAS, maior, farmac\u00eautica, resid\u00eancia Rua Doutor Dirceu de Andrade, 107\/502, S\u00e3o Mateus, Juiz de Fora-MG<\/p>\n<p>05 &#8211; GUSTAVO BITTENCOURT CAMILO, maior, m\u00e9dico, resid\u00eancia Rua Padre Caf\u00e9, 68\/700, S\u00e3o Mateus, Juiz de Fora-MG e GABRIELA CUMANI TOLEDO, maior, m\u00e9dica, resid\u00eancia Rua Mamor\u00e9, 495, S\u00e3o Mateus, Juiz de Fora-MG<\/p>\n<p>06 &#8211; LU\u00cdS GUSTAVO MANDARANO CRUZ E SILVA, maior, professor, resid\u00eancia Ladeira Alexandre Leonel, 1001\/1201,, S\u00e3o Mateus, Juiz de Fora-MG e NATALIA VIEIRA LOPEZ, maior, arquiteta, resid\u00eancia Rua Antonio Passarela, 191\/1803, S\u00e3o Mateus, Juiz de Fora-MG<\/p>\n<p>07 &#8211; DANIEL ALVES CARVALHO, maior, trabalhador rural, resid\u00eancia Rua Aurora Torres, 869, Santa Luzia, Juiz de Fora-MG e JANA\u00cdNA DA SILVA, maior, assistente social, resid\u00eancia Rua Aurora Torres, 869, Santa Luzia, Juiz de Fora-MG<\/p>\n<p>08 &#8211; THIAGO GOLLNER EVANGELISTA, maior, administrador, resid\u00eancia Pra\u00e7a Jarbas de Lery Santos, 85\/104, S\u00e3o Mateus, Juiz de Fora-MG e PATR\u00cdCIA DE REZENDE MARTINS, maior, administradora, resid\u00eancia Pra\u00e7a Jarbas de Lery Santos, 85\/104, S\u00e3o Mateus, Juiz de Fora-MG<\/p>\n<p>09 &#8211; ANDR\u00c9 LOPES LOUZADA LIMA, maior, banc\u00e1rio, resid\u00eancia Alameda P\u00e1ssaros da Polonia, 45\/212, Estrela Sul, Juiz de Fora-MG e ELENICE DAS DORES CAMPOS REIS, maior, banc\u00e1ria, resid\u00eancia Alameda Passaros da Polonia, 45\/212, Estrela Sul, Juiz de Fora-MG<\/p>\n<p>10 &#8211; GERSON PAULO DE JESUS, maior, aut\u00f4nomo, resid\u00eancia Rua Abilio Jos\u00e9 Gomes, 79, Vila Ozanan, Juiz de Fora-MG e ADRIANA GREGORIO, maior, do lar, resid\u00eancia Rua Abilio Jos\u00e9 Gomes, 79, Vila Ozanan, Juiz de Fora-MG<\/p>\n<p>XC 11 &#8211; MARCOS VIN\u00cdCIUS BARBOSA, maior, gerente, resid\u00eancia Rua Dr. Jos\u00e9 Lanziote, 251\/202, Jardim Ga\u00facho, Juiz de Fora-MG e MICHELLE CRISTIANE MENDON\u00c7A, maior, aut\u00f4noma, resid\u00eancia Rua Dr. Jos\u00e9 Lanziote, 251\/202, Jardim Ga\u00facho, Juiz de Fora-MG<\/p>\n<p>12 &#8211; USILIS ALEXANDRE GUIMAR\u00c3ES, maior, construtor, resid\u00eancia Rua das Marcassitas, 87, Maril\u00e2ndia, Juiz de Fora-MG e REJANE FARIA SIQUEIRA, maior, do lar, resid\u00eancia Rua das Marcassitas, 87, Maril\u00e2ndia, Juiz de Fora-MG<\/p>\n<p>XC 13 &#8211; RAIMUNDO JOS\u00c9 DA SILVA FILHO, maior, motorista, resid\u00eancia Rua Heitor Ign\u00e1cio, 53, Santa Efig\u00eania, Juiz de Fora-MG e MARCIA NASCIMENTO ANTUNES, maior, do lar, resid\u00eancia Rua Heitor Ign\u00e1cio, 53, Santa Efig\u00eania, Juiz de Fora-MG<\/p>\n<p>14- ANDR\u00c9 LUIZ DE CARVALHO, maior, aposentado, resid\u00eancia Rua Alameda dos Flamboyants, 200\/303\/Bl E,, Nova Calif\u00f3rnia, Juiz de Fora-MG e ANA FLAVIA DE SOUZA NEVES, maior, auxiliar de escrit\u00f3rio, resid\u00eancia Rua Alameda dos Flamboyants, 200\/303\/Bl E,, Nova Calif\u00f3rnia, Juiz de Fora-MG<\/p>\n<p>15 &#8211; EBER DA SILVA AGAPITO, maior, ajudante de pedreiro, resid\u00eancia Rua Ercy Furtado de Souza, 64, Teixeiras, Juiz de Fora-MG e CAMILA FRAN\u00c7A REVOREDO, maior, do lar, resid\u00eancia Rua Jos\u00e9 de Carvalho Rias, 89, S\u00e3o Geraldo, Juiz de Fora-MG<\/p>\n<p>16 &#8211; MIKHAEL DE MATTOS MARQUES, maior, m\u00e9dico, resid\u00eancia Rua Hermann Toledo, 407,, S\u00e3o Pedro, Juiz de Fora-MG e J\u00c9SSICA SOUZA TILLI, maior, m\u00e9dica, resid\u00eancia Rua Hermann Toledo, 407,, S\u00e3o Pedro, Juiz de Fora-MG<\/p>\n<p>Os contraentes apresentaram os documentos exigidos pelo art.1525 do C\u00f3digo Civil Brasileiro. Se algu\u00e9m souber de algum impedimento, que os impe\u00e7am de se casar, que o fa\u00e7a na forma da Lei.<\/p>\n<p>Juiz de Fora, 24\/01\/2018<\/p>\n<p>JOS\u00c9 THADEU MACHADO COBUCCI<br \/>Oficial do Registro Civil<br \/>Cartosoft &#8211; Automa\u00e7\u00e3o de Cart\u00f3rios do Registro Civil www.cartosoft.com.br<br \/>REP\u00daBLICA FEDERATIVA DO BRASIL&nbsp;ESTADO DE MINAS GERAIS<\/p>\n<p>REGISTRO CIVIL DAS PESSOAS NATURAIS DE TORRE\u00d5ES\/JUIZ DE FORA-MG<\/p>\n<p>Oficial Titular: DANIELA MARIA COBUCCI LAGUARDIA<\/p>\n<p>Rua Principal, 600 Torre\u00f5es\/Juiz de Fora-MG<\/p>\n<p>Faz saber que pretendem casar-se:<\/p>\n<p>01 \u2013 VILHELMO ALMEIDA DE OLIVEIRA, maior, aut\u00f4nomo, resid\u00eancia na Rua Principal, 430 &#8211; Torre\u00f5es\/Juiz de Fora-MG e JULIANA MACHADO DE OLIVEIRA, maior, nutricionista, resid\u00eancia no S\u00edtio S\u00e3o Jorge, Rodovia MG-353, KM-114 -Torre\u00f5es\/ Juiz de Fora-MG.<\/p>\n<p>Torre\u00f5es\/Juiz de Fora, 24\/01\/2018.<\/p>\n<p>DANIELA MARIA COBUCCI LAGUARDIA<br \/>Oficiala do Registro Civil<br \/>Cartosoft &#8211; Automa\u00e7\u00e3o de Cart\u00f3rios do Registro Civil www.cartosoft.com.br<\/p>\n","protected":false},"excerpt":{"rendered":"<p>REP\u00daBLICA FEDERATIVA DO BRASIL ESTADO DE MINAS GERAIS REGISTRO CIVIL DAS PESSOAS NATURAIS, INTERDI\u00c7\u00d5ES E TUTELAS 1\u00ba SUBDISTRITO Oficial Titular: JOS\u00c9 THADEU MACHADO COBUCCI Av. Pres. Itamar Franco, 1.522 Centro36016-320 &#8211; Juiz de Fora \u2013 MG Faz saber que pretendem casar-se: 01 &#8211; LEONARDO FERNANDES DOS SANTOS, maior, cirurgi\u00e3o dentista, resid\u00eancia Rua Luiz Detsi, 54, [&hellip;]<\/p>\n","protected":false},"author":96,"featured_media":0,"comment_status":"closed","ping_status":"closed","sticky":false,"template":"","format":"standard","meta":{"footnotes":""},"categories":[307],"tags":[],"class_list":["post-90375","post","type-post","status-publish","format-standard","hentry","category-editais"],"_links":{"self":[{"href":"https:\/\/diarioregionaldigital.com.br\/index.php?rest_route=\/wp\/v2\/posts\/90375","targetHints":{"allow":["GET"]}}],"collection":[{"href":"https:\/\/diarioregionaldigital.com.br\/index.php?rest_route=\/wp\/v2\/posts"}],"about":[{"href":"https:\/\/diarioregionaldigital.com.br\/index.php?rest_route=\/wp\/v2\/types\/post"}],"author":[{"embeddable":true,"href":"https:\/\/diarioregionaldigital.com.br\/index.php?rest_route=\/wp\/v2\/users\/96"}],"replies":[{"embeddable":true,"href":"https:\/\/diarioregionaldigital.com.br\/index.php?rest_route=%2Fwp%2Fv2%2Fcomments&post=90375"}],"version-history":[{"count":0,"href":"https:\/\/diarioregionaldigital.com.br\/index.php?rest_route=\/wp\/v2\/posts\/90375\/revisions"}],"wp:attachment":[{"href":"https:\/\/diarioregionaldigital.com.br\/index.php?rest_route=%2Fwp%2Fv2%2Fmedia&parent=90375"}],"wp:term":[{"taxonomy":"category","embeddable":true,"href":"https:\/\/diarioregionaldigital.com.br\/index.php?rest_route=%2Fwp%2Fv2%2Fcategories&post=90375"},{"taxonomy":"post_tag","embeddable":true,"href":"https:\/\/diarioregionaldigital.com.br\/index.php?rest_route=%2Fwp%2Fv2%2Ftags&post=90375"}],"curies":[{"name":"wp","href":"https:\/\/api.w.org\/{rel}","templated":true}]}}