{"id":90374,"date":"2018-01-24T21:07:30","date_gmt":"2018-01-24T23:07:30","guid":{"rendered":"http:\/\/diarioregionaljf.com.br\/2018\/01\/24\/vencedora-de-licitacao-assume-operacoes-no-aeroporto-da-serrinha-a-partir-desta-quinta-feira\/"},"modified":"2018-01-24T21:07:30","modified_gmt":"2018-01-24T23:07:30","slug":"vencedora-de-licitacao-assume-operacoes-no-aeroporto-da-serrinha-a-partir-desta-quinta-feira","status":"publish","type":"post","link":"https:\/\/diarioregionaldigital.com.br\/?p=90374","title":{"rendered":"Vencedora de licita\u00e7\u00e3o assume opera\u00e7\u00f5es no Aeroporto da Serrinha a partir desta quinta-feira"},"content":{"rendered":"<p>O Aeroporto Municipal Francisco \u00c1lvares de Assis (Aeroporto da Serrinha) tem uma <a href=\"cidade\/22686-escolhida-nova-empresa-administradora-do-aeroporto-da-serrinha\" target=\"_blank\" rel=\"noopener noreferrer\">nova administradora<\/a>: a AMD Esta\u00e7\u00e3o de Telecomunica\u00e7\u00f5es e de Tr\u00e1fego A\u00e9reo Ltda. foi a vencedora do processo licitat\u00f3rio para presta\u00e7\u00e3o de servi\u00e7os de administra\u00e7\u00e3o, manuten\u00e7\u00e3o e opera\u00e7\u00e3o do s\u00edtio aeroportu\u00e1rio municipal. O contrato com a Prefeitura de Juiz de Fora (PJF) foi assinado e ser\u00e1 publicado nos Atos do Governo nesta quinta-feira, 25, quando a empresa assumir\u00e1 as opera\u00e7\u00f5es.<\/p>\n<p>O preg\u00e3o presencial para a contrata\u00e7\u00e3o da empresa aconteceu no dia 29 de novembro do ano passado e teve cinco interessadas. Durante o processo, a Secretaria de Desenvolvimento Econ\u00f4mico, Trabalho e Turismo (Sedettur) assumiu temporariamente a administra\u00e7\u00e3o do Serrinha, mantendo em funcionamento atividades como hangaragem, escolas de pilotagem, recep\u00e7\u00e3o, controle de p\u00e1tio, atividades de seguran\u00e7a e manuten\u00e7\u00e3o. Agora, cabe \u00e0 nova administradora operar e manter os equipamentos e sistemas existentes na Esta\u00e7\u00e3o Prestadora de Servi\u00e7os de Telecomunica\u00e7\u00f5es e de Tr\u00e1fego A\u00e9reo (EPTA), al\u00e9m de implementar uma Esta\u00e7\u00e3o Meteorol\u00f3gica de Superf\u00edcie digital.<\/p>\n<p>O secret\u00e1rio da Sedettur, Jo\u00e3o de Matos, ressalta a import\u00e2ncia do Serrinha para o munic\u00edpio e lembra que o modelo firmado com a empresa vencedora do certame acarretar\u00e1 em uma economia de at\u00e9 50% em rela\u00e7\u00e3o aos valores pagos no modelo anterior. \u201cAl\u00e9m da desonera\u00e7\u00e3o de custos para o munic\u00edpio \u00e9 uma preocupa\u00e7\u00e3o da atual Administra\u00e7\u00e3o a melhoria dos servi\u00e7os aeroportu\u00e1rios\u201d, explica. \u201cPor isso, por orienta\u00e7\u00e3o do prefeito Bruno, ser\u00e1 instalado um PMI (Procedimento de Manifesta\u00e7\u00e3o de Interesse), cuja expectativa \u00e9 de que propostas qualificadas possam indicar melhores utiliza\u00e7\u00f5es para o aeroporto municipal, visando torn\u00e1-lo mais um vetor de desenvolvimento para a cidade&#8221;.<\/p>\n<p>Fonte: Assessoria<\/p>\n","protected":false},"excerpt":{"rendered":"<p>O Aeroporto Municipal Francisco \u00c1lvares de Assis (Aeroporto da Serrinha) tem uma nova administradora: a AMD Esta\u00e7\u00e3o de Telecomunica\u00e7\u00f5es e de Tr\u00e1fego A\u00e9reo Ltda. foi a vencedora do processo licitat\u00f3rio para presta\u00e7\u00e3o de servi\u00e7os de administra\u00e7\u00e3o, manuten\u00e7\u00e3o e opera\u00e7\u00e3o do s\u00edtio aeroportu\u00e1rio municipal. O contrato com a Prefeitura de Juiz de Fora (PJF) foi assinado [&hellip;]<\/p>\n","protected":false},"author":96,"featured_media":90373,"comment_status":"closed","ping_status":"closed","sticky":false,"template":"","format":"standard","meta":{"footnotes":""},"categories":[253],"tags":[],"class_list":["post-90374","post","type-post","status-publish","format-standard","has-post-thumbnail","hentry","category-cidade"],"_links":{"self":[{"href":"https:\/\/diarioregionaldigital.com.br\/index.php?rest_route=\/wp\/v2\/posts\/90374","targetHints":{"allow":["GET"]}}],"collection":[{"href":"https:\/\/diarioregionaldigital.com.br\/index.php?rest_route=\/wp\/v2\/posts"}],"about":[{"href":"https:\/\/diarioregionaldigital.com.br\/index.php?rest_route=\/wp\/v2\/types\/post"}],"author":[{"embeddable":true,"href":"https:\/\/diarioregionaldigital.com.br\/index.php?rest_route=\/wp\/v2\/users\/96"}],"replies":[{"embeddable":true,"href":"https:\/\/diarioregionaldigital.com.br\/index.php?rest_route=%2Fwp%2Fv2%2Fcomments&post=90374"}],"version-history":[{"count":0,"href":"https:\/\/diarioregionaldigital.com.br\/index.php?rest_route=\/wp\/v2\/posts\/90374\/revisions"}],"wp:featuredmedia":[{"embeddable":true,"href":"https:\/\/diarioregionaldigital.com.br\/index.php?rest_route=\/wp\/v2\/media\/90373"}],"wp:attachment":[{"href":"https:\/\/diarioregionaldigital.com.br\/index.php?rest_route=%2Fwp%2Fv2%2Fmedia&parent=90374"}],"wp:term":[{"taxonomy":"category","embeddable":true,"href":"https:\/\/diarioregionaldigital.com.br\/index.php?rest_route=%2Fwp%2Fv2%2Fcategories&post=90374"},{"taxonomy":"post_tag","embeddable":true,"href":"https:\/\/diarioregionaldigital.com.br\/index.php?rest_route=%2Fwp%2Fv2%2Ftags&post=90374"}],"curies":[{"name":"wp","href":"https:\/\/api.w.org\/{rel}","templated":true}]}}