{"id":90355,"date":"2018-01-24T19:32:28","date_gmt":"2018-01-24T21:32:28","guid":{"rendered":"http:\/\/diarioregionaljf.com.br\/2018\/01\/24\/prefeitura-convoca-professores-de-educacao-fisica-e-sociologia\/"},"modified":"2018-01-24T19:32:28","modified_gmt":"2018-01-24T21:32:28","slug":"prefeitura-convoca-professores-de-educacao-fisica-e-sociologia","status":"publish","type":"post","link":"https:\/\/diarioregionaldigital.com.br\/?p=90355","title":{"rendered":"Prefeitura convoca professores de educa\u00e7\u00e3o f\u00edsica e sociologia"},"content":{"rendered":"<p>A Prefeitura de Juiz de Fora (PJF) divulgou a lista de convoca\u00e7\u00e3o dos aprovados no processo seletivo para contrata\u00e7\u00e3o de professores de educa\u00e7\u00e3o f\u00edsica e sociologia, para atuarem no ano letivo de 2018, na rede municipal de ensino (Edital n\u00ba 336 &#8211; SARH). Os convocados dever\u00e3o comparecer ao Centro de Forma\u00e7\u00e3o do Professor (Avenida Get\u00falio Vargas, n\u00ba 200, Centro), nesta quinta ou sexta-feira, 25 ou 26, para escolha da vaga. Os interessados devem estar atentos aos hor\u00e1rios de apresenta\u00e7\u00e3o, que podem ser conferidos <a href=\"https:\/\/www.pjf.mg.gov.br\/e_atos\/e_atos_vis.php?id=58718\" target=\"_blank\" rel=\"noopener noreferrer\">aqui<\/a>, <a href=\"https:\/\/www.pjf.mg.gov.br\/e_atos\/e_atos_vis.php?id=58720\" target=\"_blank\" rel=\"noopener noreferrer\">aqui<\/a> e <a href=\"https:\/\/www.pjf.mg.gov.br\/e_atos\/e_atos_vis.php?id=58719\" target=\"_blank\" rel=\"noopener noreferrer\">aqui<\/a>.<\/p>\n<p>A fase de chamadas dever\u00e1 ocorrer durante todo este m\u00eas, e os candidatos devem acompanhar as publica\u00e7\u00f5es no \u201cAtos do Governo\u201d ou na se\u00e7\u00e3o \u201cContrata\u00e7\u00e3o Tempor\u00e1ria\u201d, no <a href=\"https:\/\/www.pjf.mg.gov.br\/\" target=\"_blank\" rel=\"noopener noreferrer\">site da PJF<\/a>.<\/p>\n<p>&nbsp;<\/p>\n<p>Fonte: Assessoria<\/p>\n","protected":false},"excerpt":{"rendered":"<p>A Prefeitura de Juiz de Fora (PJF) divulgou a lista de convoca\u00e7\u00e3o dos aprovados no processo seletivo para contrata\u00e7\u00e3o de professores de educa\u00e7\u00e3o f\u00edsica e sociologia, para atuarem no ano letivo de 2018, na rede municipal de ensino (Edital n\u00ba 336 &#8211; SARH). Os convocados dever\u00e3o comparecer ao Centro de Forma\u00e7\u00e3o do Professor (Avenida Get\u00falio [&hellip;]<\/p>\n","protected":false},"author":96,"featured_media":90354,"comment_status":"closed","ping_status":"closed","sticky":false,"template":"","format":"standard","meta":{"footnotes":""},"categories":[280],"tags":[],"class_list":["post-90355","post","type-post","status-publish","format-standard","has-post-thumbnail","hentry","category-concurso"],"_links":{"self":[{"href":"https:\/\/diarioregionaldigital.com.br\/index.php?rest_route=\/wp\/v2\/posts\/90355","targetHints":{"allow":["GET"]}}],"collection":[{"href":"https:\/\/diarioregionaldigital.com.br\/index.php?rest_route=\/wp\/v2\/posts"}],"about":[{"href":"https:\/\/diarioregionaldigital.com.br\/index.php?rest_route=\/wp\/v2\/types\/post"}],"author":[{"embeddable":true,"href":"https:\/\/diarioregionaldigital.com.br\/index.php?rest_route=\/wp\/v2\/users\/96"}],"replies":[{"embeddable":true,"href":"https:\/\/diarioregionaldigital.com.br\/index.php?rest_route=%2Fwp%2Fv2%2Fcomments&post=90355"}],"version-history":[{"count":0,"href":"https:\/\/diarioregionaldigital.com.br\/index.php?rest_route=\/wp\/v2\/posts\/90355\/revisions"}],"wp:featuredmedia":[{"embeddable":true,"href":"https:\/\/diarioregionaldigital.com.br\/index.php?rest_route=\/wp\/v2\/media\/90354"}],"wp:attachment":[{"href":"https:\/\/diarioregionaldigital.com.br\/index.php?rest_route=%2Fwp%2Fv2%2Fmedia&parent=90355"}],"wp:term":[{"taxonomy":"category","embeddable":true,"href":"https:\/\/diarioregionaldigital.com.br\/index.php?rest_route=%2Fwp%2Fv2%2Fcategories&post=90355"},{"taxonomy":"post_tag","embeddable":true,"href":"https:\/\/diarioregionaldigital.com.br\/index.php?rest_route=%2Fwp%2Fv2%2Ftags&post=90355"}],"curies":[{"name":"wp","href":"https:\/\/api.w.org\/{rel}","templated":true}]}}