{"id":90353,"date":"2018-01-24T19:23:20","date_gmt":"2018-01-24T21:23:20","guid":{"rendered":"http:\/\/diarioregionaljf.com.br\/2018\/01\/24\/pm-de-leopoldina-recupera-moto-furtada-em-itamarati-de-minas\/"},"modified":"2018-01-24T19:23:20","modified_gmt":"2018-01-24T21:23:20","slug":"pm-de-leopoldina-recupera-moto-furtada-em-itamarati-de-minas","status":"publish","type":"post","link":"https:\/\/diarioregionaldigital.com.br\/?p=90353","title":{"rendered":"PM de Leopoldina recupera moto furtada em Itamarati de Minas"},"content":{"rendered":"<p>A Pol\u00edcia Militar de Leopoldina (a aproximadamente 97 Km de JF), recuperou na manh\u00e3 desta quarta-feira, 24, uma motocicleta que havia sido furtada nas imedia\u00e7\u00f5es de uma cachoeira, no munic\u00edpio de Itamarati de Minas. O ve\u00edculo foi localizado em um matagal no Bairro Popular. Segundo a PM, uma den\u00fancia an\u00f4nima informou sobre a localiza\u00e7\u00e3o da moto, que foi abandonada naquele bairro.<\/p>\n<p>A motocicleta, placa de Cataguases, foi furtada no domingo, 21. Segundo a PM, a v\u00edtima informou que teria estacionado o ve\u00edculo pr\u00f3ximo a uma ponte de madeira localizada nas imedia\u00e7\u00f5es de uma cachoeira. De acordo com as informa\u00e7\u00f5es, ap\u00f3s receber a den\u00fancia an\u00f4nima, policias foram at\u00e9 o local informado e, ap\u00f3s intenso rastreamento, localizaram o ve\u00edculo. Eles verificaram o n\u00famero da placa no sistema e constataram que se tratava de uma motocicleta com registro de furto.<\/p>\n<p>O ve\u00edculo foi removido ao p\u00e1tio credenciado junto ao Detran\/MG em Leopoldina para, posteriormente, ser restitu\u00edda ao propriet\u00e1rio.<\/p>\n<p>&nbsp;<\/p>\n<p>Fonte: O Vigilante Online<\/p>\n","protected":false},"excerpt":{"rendered":"<p>A Pol\u00edcia Militar de Leopoldina (a aproximadamente 97 Km de JF), recuperou na manh\u00e3 desta quarta-feira, 24, uma motocicleta que havia sido furtada nas imedia\u00e7\u00f5es de uma cachoeira, no munic\u00edpio de Itamarati de Minas. O ve\u00edculo foi localizado em um matagal no Bairro Popular. Segundo a PM, uma den\u00fancia an\u00f4nima informou sobre a localiza\u00e7\u00e3o da [&hellip;]<\/p>\n","protected":false},"author":96,"featured_media":90352,"comment_status":"closed","ping_status":"closed","sticky":false,"template":"","format":"standard","meta":{"footnotes":""},"categories":[252],"tags":[],"class_list":["post-90353","post","type-post","status-publish","format-standard","has-post-thumbnail","hentry","category-regiao"],"_links":{"self":[{"href":"https:\/\/diarioregionaldigital.com.br\/index.php?rest_route=\/wp\/v2\/posts\/90353","targetHints":{"allow":["GET"]}}],"collection":[{"href":"https:\/\/diarioregionaldigital.com.br\/index.php?rest_route=\/wp\/v2\/posts"}],"about":[{"href":"https:\/\/diarioregionaldigital.com.br\/index.php?rest_route=\/wp\/v2\/types\/post"}],"author":[{"embeddable":true,"href":"https:\/\/diarioregionaldigital.com.br\/index.php?rest_route=\/wp\/v2\/users\/96"}],"replies":[{"embeddable":true,"href":"https:\/\/diarioregionaldigital.com.br\/index.php?rest_route=%2Fwp%2Fv2%2Fcomments&post=90353"}],"version-history":[{"count":0,"href":"https:\/\/diarioregionaldigital.com.br\/index.php?rest_route=\/wp\/v2\/posts\/90353\/revisions"}],"wp:featuredmedia":[{"embeddable":true,"href":"https:\/\/diarioregionaldigital.com.br\/index.php?rest_route=\/wp\/v2\/media\/90352"}],"wp:attachment":[{"href":"https:\/\/diarioregionaldigital.com.br\/index.php?rest_route=%2Fwp%2Fv2%2Fmedia&parent=90353"}],"wp:term":[{"taxonomy":"category","embeddable":true,"href":"https:\/\/diarioregionaldigital.com.br\/index.php?rest_route=%2Fwp%2Fv2%2Fcategories&post=90353"},{"taxonomy":"post_tag","embeddable":true,"href":"https:\/\/diarioregionaldigital.com.br\/index.php?rest_route=%2Fwp%2Fv2%2Ftags&post=90353"}],"curies":[{"name":"wp","href":"https:\/\/api.w.org\/{rel}","templated":true}]}}