{"id":90351,"date":"2018-01-24T18:51:44","date_gmt":"2018-01-24T20:51:44","guid":{"rendered":"http:\/\/diarioregionaljf.com.br\/2018\/01\/24\/brasileiros-acreditam-que-inflacao-ficara-em-5-4-nos-proximos-12-meses\/"},"modified":"2018-01-24T18:51:44","modified_gmt":"2018-01-24T20:51:44","slug":"brasileiros-acreditam-que-inflacao-ficara-em-5-4-nos-proximos-12-meses","status":"publish","type":"post","link":"https:\/\/diarioregionaldigital.com.br\/?p=90351","title":{"rendered":"Brasileiros acreditam que infla\u00e7\u00e3o ficar\u00e1 em 5,4% nos pr\u00f3ximos 12 meses"},"content":{"rendered":"<p>A expectativa mediana dos consumidores brasileiros para a infla\u00e7\u00e3o nos 12 meses seguintes ficou em 5,4%, de acordo com levantamento feito neste m\u00eas pela Funda\u00e7\u00e3o Getulio Vargas (FGV). A taxa \u00e9 inferior ao 5,8% de dezembro de 2017 e \u00e9 o menor resultado desde setembro de 2017 (5,2%).<\/p>\n<p>Em rela\u00e7\u00e3o a janeiro de 2017, houve recuo de 2,5 pontos percentuais, j\u00e1 que, naquele per\u00edodo, a taxa havia ficado em 7,9%.<\/p>\n<p>De acordo com a FGV, a cont\u00ednua queda da expectativa de infla\u00e7\u00e3o dos consumidores reflete de certa forma a divulga\u00e7\u00e3o da infla\u00e7\u00e3o de 2017 segundo a infla\u00e7\u00e3o oficial, o IPCA, que est\u00e1 em 2,95%, e o IGP-M (-0,52%).<\/p>\n<p>A FGV espera que, nos pr\u00f3ximos meses, o indicador de expectativa de infla\u00e7\u00e3o apresente um comportamento mais est\u00e1vel, refletindo a trajet\u00f3ria do n\u00edvel geral de pre\u00e7os da economia.<\/p>\n<hr \/>\n<p>&nbsp;Fonte: Ag\u00eancia Brasil<\/p>\n","protected":false},"excerpt":{"rendered":"<p>A expectativa mediana dos consumidores brasileiros para a infla\u00e7\u00e3o nos 12 meses seguintes ficou em 5,4%, de acordo com levantamento feito neste m\u00eas pela Funda\u00e7\u00e3o Getulio Vargas (FGV). A taxa \u00e9 inferior ao 5,8% de dezembro de 2017 e \u00e9 o menor resultado desde setembro de 2017 (5,2%). Em rela\u00e7\u00e3o a janeiro de 2017, houve [&hellip;]<\/p>\n","protected":false},"author":96,"featured_media":90350,"comment_status":"closed","ping_status":"closed","sticky":false,"template":"","format":"standard","meta":{"footnotes":""},"categories":[261],"tags":[],"class_list":["post-90351","post","type-post","status-publish","format-standard","has-post-thumbnail","hentry","category-economia"],"_links":{"self":[{"href":"https:\/\/diarioregionaldigital.com.br\/index.php?rest_route=\/wp\/v2\/posts\/90351","targetHints":{"allow":["GET"]}}],"collection":[{"href":"https:\/\/diarioregionaldigital.com.br\/index.php?rest_route=\/wp\/v2\/posts"}],"about":[{"href":"https:\/\/diarioregionaldigital.com.br\/index.php?rest_route=\/wp\/v2\/types\/post"}],"author":[{"embeddable":true,"href":"https:\/\/diarioregionaldigital.com.br\/index.php?rest_route=\/wp\/v2\/users\/96"}],"replies":[{"embeddable":true,"href":"https:\/\/diarioregionaldigital.com.br\/index.php?rest_route=%2Fwp%2Fv2%2Fcomments&post=90351"}],"version-history":[{"count":0,"href":"https:\/\/diarioregionaldigital.com.br\/index.php?rest_route=\/wp\/v2\/posts\/90351\/revisions"}],"wp:featuredmedia":[{"embeddable":true,"href":"https:\/\/diarioregionaldigital.com.br\/index.php?rest_route=\/wp\/v2\/media\/90350"}],"wp:attachment":[{"href":"https:\/\/diarioregionaldigital.com.br\/index.php?rest_route=%2Fwp%2Fv2%2Fmedia&parent=90351"}],"wp:term":[{"taxonomy":"category","embeddable":true,"href":"https:\/\/diarioregionaldigital.com.br\/index.php?rest_route=%2Fwp%2Fv2%2Fcategories&post=90351"},{"taxonomy":"post_tag","embeddable":true,"href":"https:\/\/diarioregionaldigital.com.br\/index.php?rest_route=%2Fwp%2Fv2%2Ftags&post=90351"}],"curies":[{"name":"wp","href":"https:\/\/api.w.org\/{rel}","templated":true}]}}