{"id":90349,"date":"2018-01-24T18:47:16","date_gmt":"2018-01-24T20:47:16","guid":{"rendered":"http:\/\/diarioregionaljf.com.br\/2018\/01\/24\/indices-que-medem-expectativa-insdustrial-indica-crescimento-consideravel-em-janeiro\/"},"modified":"2018-01-24T18:47:16","modified_gmt":"2018-01-24T20:47:16","slug":"indices-que-medem-expectativa-insdustrial-indica-crescimento-consideravel-em-janeiro","status":"publish","type":"post","link":"https:\/\/diarioregionaldigital.com.br\/?p=90349","title":{"rendered":"\u00cdndices que medem expectativa insdustrial indica crescimento consider\u00e1vel em janeiro"},"content":{"rendered":"<p>Os \u00edndices da Confedera\u00e7\u00e3o Nacional da Ind\u00fastria (CNI) que medem as expectativas dos empres\u00e1rios apresentaram aumento em janeiro, divulgou nesta quarta-feira, 24, a entidade. Os dados fazem parte da sondagem industrial, que apontou tamb\u00e9m que a produ\u00e7\u00e3o em dezembro caiu menos em rela\u00e7\u00e3o a novembro, comparada a anos anteriores.<\/p>\n<p>Um dos dados aponta que os empres\u00e1rios come\u00e7am o ano com a inten\u00e7\u00e3o de manter seus quadros de funcion\u00e1rios inalterados. A expectativa em rela\u00e7\u00e3o ao n\u00famero de empregados ficou em 50,2 pontos, em uma escala de 0 a 100, em que mais de 50 representa expectativa de aumento do n\u00famero de empregados, e menos de 50, de redu\u00e7\u00e3o.<\/p>\n<p>Em janeiro de 2017, por exemplo, o indicador estava 46,4 pontos, indicando a expectativa de diminuir o n\u00famero de postos de trabalho.<\/p>\n<p>A expectativa dos empres\u00e1rios em rela\u00e7\u00e3o a demanda ficou em 56,6 pontos, em uma escala em que qualquer valor superior a 50 tamb\u00e9m indica expectativa de aumento. Em janeiro do ano passado, o indicador estava em 51,9 pontos.<\/p>\n<p>A previs\u00e3o dos empres\u00e1rios tamb\u00e9m \u00e9 de aumento de compra de mat\u00e9rias-primas. O indicador que utiliza a mesma escala dos demais ficou em 54,7 pontos, acima dos 50 pontos registrados em janeiro do ano passado.<\/p>\n<p>O progn\u00f3stico em rela\u00e7\u00e3o \u00e0 quantidade exportada acompanha os demais e \u00e9 de aumento superior a 2017. A sondagem de janeiro chegou ao \u00edndice de 54,7 pontos, enquanto no ano passado era de 52,6 pontos.<\/p>\n<h4>Investimento<\/h4>\n<p>A inten\u00e7\u00e3o de investir, por sua vez, chegou ao maior valor desde maio de 2014, com 53 pontos, segundo os dados apurados pela CNI.<\/p>\n<p>Quando analisa o porte dessas ind\u00fastrias, a pesquisa mostra que as grandes t\u00eam uma inten\u00e7\u00e3o de investimento acima da m\u00e9dia, com 61,5 pontos. As pequenas, por outro lado, t\u00eam a inten\u00e7\u00e3o de 41 pontos, e as m\u00e9dias, de 48,3 pontos.<\/p>\n<p>No caso da inten\u00e7\u00e3o de investimento, a escala de 0 a 100 evolui conforme a propens\u00e3o a investir, sem que haja a divis\u00e3o entre os valores abaixo e acima dos 50 pontos.<\/p>\n<hr \/>\n<p>&nbsp;Fonte: Ag\u00eancia Brasil<\/p>\n","protected":false},"excerpt":{"rendered":"<p>Os \u00edndices da Confedera\u00e7\u00e3o Nacional da Ind\u00fastria (CNI) que medem as expectativas dos empres\u00e1rios apresentaram aumento em janeiro, divulgou nesta quarta-feira, 24, a entidade. Os dados fazem parte da sondagem industrial, que apontou tamb\u00e9m que a produ\u00e7\u00e3o em dezembro caiu menos em rela\u00e7\u00e3o a novembro, comparada a anos anteriores. Um dos dados aponta que os [&hellip;]<\/p>\n","protected":false},"author":96,"featured_media":90348,"comment_status":"closed","ping_status":"closed","sticky":false,"template":"","format":"standard","meta":{"footnotes":""},"categories":[261],"tags":[],"class_list":["post-90349","post","type-post","status-publish","format-standard","has-post-thumbnail","hentry","category-economia"],"_links":{"self":[{"href":"https:\/\/diarioregionaldigital.com.br\/index.php?rest_route=\/wp\/v2\/posts\/90349","targetHints":{"allow":["GET"]}}],"collection":[{"href":"https:\/\/diarioregionaldigital.com.br\/index.php?rest_route=\/wp\/v2\/posts"}],"about":[{"href":"https:\/\/diarioregionaldigital.com.br\/index.php?rest_route=\/wp\/v2\/types\/post"}],"author":[{"embeddable":true,"href":"https:\/\/diarioregionaldigital.com.br\/index.php?rest_route=\/wp\/v2\/users\/96"}],"replies":[{"embeddable":true,"href":"https:\/\/diarioregionaldigital.com.br\/index.php?rest_route=%2Fwp%2Fv2%2Fcomments&post=90349"}],"version-history":[{"count":0,"href":"https:\/\/diarioregionaldigital.com.br\/index.php?rest_route=\/wp\/v2\/posts\/90349\/revisions"}],"wp:featuredmedia":[{"embeddable":true,"href":"https:\/\/diarioregionaldigital.com.br\/index.php?rest_route=\/wp\/v2\/media\/90348"}],"wp:attachment":[{"href":"https:\/\/diarioregionaldigital.com.br\/index.php?rest_route=%2Fwp%2Fv2%2Fmedia&parent=90349"}],"wp:term":[{"taxonomy":"category","embeddable":true,"href":"https:\/\/diarioregionaldigital.com.br\/index.php?rest_route=%2Fwp%2Fv2%2Fcategories&post=90349"},{"taxonomy":"post_tag","embeddable":true,"href":"https:\/\/diarioregionaldigital.com.br\/index.php?rest_route=%2Fwp%2Fv2%2Ftags&post=90349"}],"curies":[{"name":"wp","href":"https:\/\/api.w.org\/{rel}","templated":true}]}}