{"id":90347,"date":"2018-01-24T18:46:52","date_gmt":"2018-01-24T20:46:52","guid":{"rendered":"http:\/\/diarioregionaljf.com.br\/2018\/01\/24\/policia-militar-prende-foragido-da-justica-em-cataguases\/"},"modified":"2018-01-24T18:46:52","modified_gmt":"2018-01-24T20:46:52","slug":"policia-militar-prende-foragido-da-justica-em-cataguases","status":"publish","type":"post","link":"https:\/\/diarioregionaldigital.com.br\/?p=90347","title":{"rendered":"Pol\u00edcia Militar prende foragido da Justi\u00e7a em Cataguases"},"content":{"rendered":"<p>Militares da 146\u00aa Cia da Pol\u00edcia Militar (PM) de Cataguases (a aproximadamente 118 Km de JF) prenderam, no in\u00edcio da noite dessa ter\u00e7a-feira, 23, na Vila S\u00e3o Jos\u00e9, um foragido da Justi\u00e7a que cumpria pena por roubo em Muria\u00e9.<\/p>\n<p>Segundo a PM, o foragido, de 35 anos, teria sido visto pr\u00f3ximo a um a\u00e7ude localizado no Bairro Santa Cristina. Durante a a\u00e7\u00e3o policial, ele foi localizado e abordado em uma estrada vicinal naquela imedia\u00e7\u00e3o. O homem tentou fugir mas foi contido pelos militares. Ainda segundo a Pol\u00edcia, informa\u00e7\u00f5es foram repassadas dando conta de que o indiv\u00edduo portava uma arma de fogo, o que n\u00e3o foi constatado.<\/p>\n<p>Durante as dilig\u00eancias, a companheira do autor entregou para os policiais uma faca que, segundo ela, teria sido utilizada em uma ocorr\u00eancia registrada em 2014, no Bairro S\u00e3o Vicente. Na ocasi\u00e3o, o foragido teria discutido com um homem de 46 anos, que o amea\u00e7ava com uma faca. De acordo com o relato, ele teria tomado a faca da v\u00edtima e desferido dois golpes contra o homem, que foi socorrido com vida no Pronto-Socorro de Cataguases.<\/p>\n<p>Durante a pris\u00e3o desta ter\u00e7a, o foragido disse que n\u00e3o havia retornado para o Pres\u00eddio de Muria\u00e9 por estar sob amea\u00e7a de outros presos naquela Penitenci\u00e1ria. Ele foi encaminhado para a Delegacia Regional de Pol\u00edcia Civil em Leopoldina, onde ficar\u00e1 \u00e0 disposi\u00e7\u00e3o da Justi\u00e7a.<\/p>\n<p>&nbsp;<\/p>\n<p>Fonte: O Vigilante Online<\/p>\n","protected":false},"excerpt":{"rendered":"<p>Militares da 146\u00aa Cia da Pol\u00edcia Militar (PM) de Cataguases (a aproximadamente 118 Km de JF) prenderam, no in\u00edcio da noite dessa ter\u00e7a-feira, 23, na Vila S\u00e3o Jos\u00e9, um foragido da Justi\u00e7a que cumpria pena por roubo em Muria\u00e9. Segundo a PM, o foragido, de 35 anos, teria sido visto pr\u00f3ximo a um a\u00e7ude localizado [&hellip;]<\/p>\n","protected":false},"author":96,"featured_media":90346,"comment_status":"closed","ping_status":"closed","sticky":false,"template":"","format":"standard","meta":{"footnotes":""},"categories":[252],"tags":[],"class_list":["post-90347","post","type-post","status-publish","format-standard","has-post-thumbnail","hentry","category-regiao"],"_links":{"self":[{"href":"https:\/\/diarioregionaldigital.com.br\/index.php?rest_route=\/wp\/v2\/posts\/90347","targetHints":{"allow":["GET"]}}],"collection":[{"href":"https:\/\/diarioregionaldigital.com.br\/index.php?rest_route=\/wp\/v2\/posts"}],"about":[{"href":"https:\/\/diarioregionaldigital.com.br\/index.php?rest_route=\/wp\/v2\/types\/post"}],"author":[{"embeddable":true,"href":"https:\/\/diarioregionaldigital.com.br\/index.php?rest_route=\/wp\/v2\/users\/96"}],"replies":[{"embeddable":true,"href":"https:\/\/diarioregionaldigital.com.br\/index.php?rest_route=%2Fwp%2Fv2%2Fcomments&post=90347"}],"version-history":[{"count":0,"href":"https:\/\/diarioregionaldigital.com.br\/index.php?rest_route=\/wp\/v2\/posts\/90347\/revisions"}],"wp:featuredmedia":[{"embeddable":true,"href":"https:\/\/diarioregionaldigital.com.br\/index.php?rest_route=\/wp\/v2\/media\/90346"}],"wp:attachment":[{"href":"https:\/\/diarioregionaldigital.com.br\/index.php?rest_route=%2Fwp%2Fv2%2Fmedia&parent=90347"}],"wp:term":[{"taxonomy":"category","embeddable":true,"href":"https:\/\/diarioregionaldigital.com.br\/index.php?rest_route=%2Fwp%2Fv2%2Fcategories&post=90347"},{"taxonomy":"post_tag","embeddable":true,"href":"https:\/\/diarioregionaldigital.com.br\/index.php?rest_route=%2Fwp%2Fv2%2Ftags&post=90347"}],"curies":[{"name":"wp","href":"https:\/\/api.w.org\/{rel}","templated":true}]}}