{"id":90343,"date":"2018-01-24T18:41:44","date_gmt":"2018-01-24T20:41:44","guid":{"rendered":"http:\/\/diarioregionaljf.com.br\/2018\/01\/24\/caixa-nao-usara-emprestimo-do-fgts-em-2018\/"},"modified":"2018-01-24T18:41:44","modified_gmt":"2018-01-24T20:41:44","slug":"caixa-nao-usara-emprestimo-do-fgts-em-2018","status":"publish","type":"post","link":"https:\/\/diarioregionaldigital.com.br\/?p=90343","title":{"rendered":"Caixa n\u00e3o usar\u00e1 empr\u00e9stimo do FGTS em 2018"},"content":{"rendered":"<p>Apesar da necessidade de cumprir padr\u00f5es mais elevados de seguran\u00e7a financeira a partir de 2019, a Caixa Econ\u00f4mica Federal n\u00e3o usar\u00e1 o empr\u00e9stimo de R$15 bilh\u00f5es do Fundo de Garantia do Tempo de Servi\u00e7o (FGTS) este ano, informou o Conselho de Administra\u00e7\u00e3o do banco. Em nota oficial, a institui\u00e7\u00e3o financeira informou que recorrer\u00e1 a outros instrumentos para se enquadrar nos requerimentos m\u00ednimos de capital que entrar\u00e3o em vigor no pr\u00f3ximo ano.<\/p>\n<p>De acordo com a Caixa, o banco vender\u00e1 carteiras de cr\u00e9dito a outras institui\u00e7\u00f5es financeiras, emitir\u00e1 instrumentos de d\u00edvida perp\u00e9tua (tipo de mecanismo financeiro que aumenta o capital da institui\u00e7\u00e3o) no mercado internacional e poder\u00e1 abrir m\u00e3o de repassar os dividendos (parcela dos lucros que cabem aos acionistas) ao Tesouro Nacional para reinvesti-los no banco. Segundo o comunicado, o n\u00e3o uso do socorro de R$15 bilh\u00f5es de d\u00edvidas perp\u00e9tuas do FGTS n\u00e3o prejudicar\u00e1 os programas sociais da institui\u00e7\u00e3o financeira.<\/p>\n<p>\u201cCom a atualiza\u00e7\u00e3o do plano, a Caixa assegura o cumprimento do seu planejamento para 2018, incluindo o or\u00e7amento previsto para habita\u00e7\u00e3o popular, sem a necessidade da emiss\u00e3o de instrumento de d\u00edvida junto ao FGTS\u201d, destacou o comunicado.<\/p>\n<p>Aprovado pelo Congresso Nacional no fim do ano passado, o socorro do FGTS funcionaria como uma d\u00edvida perp\u00e9tua. O fundo injetaria R$15 bilh\u00f5es no banco e receberia juros da Caixa para sempre. Em troca, o dinheiro seria incorporado ao capital da Caixa, ampliando a capacidade de a institui\u00e7\u00e3o financeira emprestar recursos.<\/p>\n<p>A Caixa tamb\u00e9m informou que est\u00e1 adotando um plano de conting\u00eancia, desde o in\u00edcio de 2017, para aumentar a efici\u00eancia. Entre as a\u00e7\u00f5es, est\u00e3o o corte de despesas, o ajuste de processos de aloca\u00e7\u00e3o de capital e o aprimoramento da gest\u00e3o da carteira de cr\u00e9dito com instrumentos mais sofisticado de an\u00e1lise de riscos de calote (por parte de tomadores de empr\u00e9stimos). \u201cO processo de ajuste \u00e9 cont\u00ednuo e permanente, conforme previsto no novo Planejamento Estrat\u00e9gico da Caixa\u201d.<\/p>\n<p>A partir de 2019, os padr\u00f5es internacionais de seguran\u00e7a banc\u00e1ria se tornar\u00e3o mais r\u00edgidos para impedir que bancos quebrem, como na crise financeira de 2008. Para cada R$ 100 que emprestar, um banco precisar\u00e1 ter de R$10,50 a R$13 como patrim\u00f4nio de refer\u00eancia para atender aos requisitos de capital m\u00ednimo.<\/p>\n<hr \/>\n<p>&nbsp;Fonte: Ag\u00eancia Brasil<\/p>\n","protected":false},"excerpt":{"rendered":"<p>Apesar da necessidade de cumprir padr\u00f5es mais elevados de seguran\u00e7a financeira a partir de 2019, a Caixa Econ\u00f4mica Federal n\u00e3o usar\u00e1 o empr\u00e9stimo de R$15 bilh\u00f5es do Fundo de Garantia do Tempo de Servi\u00e7o (FGTS) este ano, informou o Conselho de Administra\u00e7\u00e3o do banco. Em nota oficial, a institui\u00e7\u00e3o financeira informou que recorrer\u00e1 a outros [&hellip;]<\/p>\n","protected":false},"author":96,"featured_media":90342,"comment_status":"closed","ping_status":"closed","sticky":false,"template":"","format":"standard","meta":{"footnotes":""},"categories":[261],"tags":[],"class_list":["post-90343","post","type-post","status-publish","format-standard","has-post-thumbnail","hentry","category-economia"],"_links":{"self":[{"href":"https:\/\/diarioregionaldigital.com.br\/index.php?rest_route=\/wp\/v2\/posts\/90343","targetHints":{"allow":["GET"]}}],"collection":[{"href":"https:\/\/diarioregionaldigital.com.br\/index.php?rest_route=\/wp\/v2\/posts"}],"about":[{"href":"https:\/\/diarioregionaldigital.com.br\/index.php?rest_route=\/wp\/v2\/types\/post"}],"author":[{"embeddable":true,"href":"https:\/\/diarioregionaldigital.com.br\/index.php?rest_route=\/wp\/v2\/users\/96"}],"replies":[{"embeddable":true,"href":"https:\/\/diarioregionaldigital.com.br\/index.php?rest_route=%2Fwp%2Fv2%2Fcomments&post=90343"}],"version-history":[{"count":0,"href":"https:\/\/diarioregionaldigital.com.br\/index.php?rest_route=\/wp\/v2\/posts\/90343\/revisions"}],"wp:featuredmedia":[{"embeddable":true,"href":"https:\/\/diarioregionaldigital.com.br\/index.php?rest_route=\/wp\/v2\/media\/90342"}],"wp:attachment":[{"href":"https:\/\/diarioregionaldigital.com.br\/index.php?rest_route=%2Fwp%2Fv2%2Fmedia&parent=90343"}],"wp:term":[{"taxonomy":"category","embeddable":true,"href":"https:\/\/diarioregionaldigital.com.br\/index.php?rest_route=%2Fwp%2Fv2%2Fcategories&post=90343"},{"taxonomy":"post_tag","embeddable":true,"href":"https:\/\/diarioregionaldigital.com.br\/index.php?rest_route=%2Fwp%2Fv2%2Ftags&post=90343"}],"curies":[{"name":"wp","href":"https:\/\/api.w.org\/{rel}","templated":true}]}}