{"id":90341,"date":"2018-01-24T18:36:14","date_gmt":"2018-01-24T20:36:14","guid":{"rendered":"http:\/\/diarioregionaljf.com.br\/2018\/01\/24\/medicina-tem-nota-de-corte-mais-alta-na-primeira-parcial-do-sisu-na-ufjf\/"},"modified":"2018-01-24T18:36:14","modified_gmt":"2018-01-24T20:36:14","slug":"medicina-tem-nota-de-corte-mais-alta-na-primeira-parcial-do-sisu-na-ufjf","status":"publish","type":"post","link":"https:\/\/diarioregionaldigital.com.br\/?p=90341","title":{"rendered":"Medicina tem nota de corte mais alta na primeira parcial do Sisu na UFJF"},"content":{"rendered":"<p>O Sistema de Sele\u00e7\u00e3o Unificada (Sisu) disponibilizou atrav\u00e9s de seu portal as primeiras parciais das notas de corte da chamada regular. Na Universidade Federal de Juiz de Fora (UFJF), o curso de Medicina, por enquanto, tem a maior nota de corte nos dois campi: 791,36, em Juiz de Fora, e 780,98, em Governador Valadares.<\/p>\n<p>O segundo curso mais concorrido da institui\u00e7\u00e3o \u00e9 Direito diurno, que requer 751,28 pontos para aprova\u00e7\u00e3o. Para o per\u00edodo noturno s\u00e3o exigidos 737,62. Em Governador Valadares, o curso tamb\u00e9m est\u00e1 em alta, com o ponto de corte em 717,9.<\/p>\n<p>Entre os cursos com menor demanda, aparece Turismo (633,60), seguido pelo Bacharelado Interdisciplinar em Ci\u00eancias Humanas (646,12). Em Valadares, aparecem Ci\u00eancias Cont\u00e1beis (636,82) e Administra\u00e7\u00e3o (640,60).<\/p>\n<p>Os pontos de corte s\u00e3o atualizados todos os dias a partir de 0h at\u00e9 o per\u00edodo final de inscri\u00e7\u00f5es do Sisu, nesta sexta, 26, \u00e0s 23h59. O resultado final da chamada regular ser\u00e1 divulgado na pr\u00f3xima segunda, 29. Nesta primeira edi\u00e7\u00e3o do Sisu, em 2018, a UFJF oferece 1.337 vagas em 57 cursos de gradua\u00e7\u00e3o.<\/p>\n<p>Foram pesquisadas somente notas da modalidade de ampla concorr\u00eancia, de candidatos que n\u00e3o fizeram o ensino m\u00e9dio integralmente em escola p\u00fablica ou optaram pela n\u00e3o participa\u00e7\u00e3o no sistema de cotas.<\/p>\n<p>Confira <a href=\"http:\/\/sisu.mec.gov.br\/cursos?tipo=ies&amp;valor=576\" target=\"_blank\" rel=\"noopener noreferrer\">aqui<\/a> a nota de corte de todos os cursos.<\/p>\n<p>&nbsp;<\/p>\n<p>Fonte: Assessoria<\/p>\n","protected":false},"excerpt":{"rendered":"<p>O Sistema de Sele\u00e7\u00e3o Unificada (Sisu) disponibilizou atrav\u00e9s de seu portal as primeiras parciais das notas de corte da chamada regular. Na Universidade Federal de Juiz de Fora (UFJF), o curso de Medicina, por enquanto, tem a maior nota de corte nos dois campi: 791,36, em Juiz de Fora, e 780,98, em Governador Valadares. O [&hellip;]<\/p>\n","protected":false},"author":96,"featured_media":90340,"comment_status":"closed","ping_status":"closed","sticky":false,"template":"","format":"standard","meta":{"footnotes":""},"categories":[253],"tags":[],"class_list":["post-90341","post","type-post","status-publish","format-standard","has-post-thumbnail","hentry","category-cidade"],"_links":{"self":[{"href":"https:\/\/diarioregionaldigital.com.br\/index.php?rest_route=\/wp\/v2\/posts\/90341","targetHints":{"allow":["GET"]}}],"collection":[{"href":"https:\/\/diarioregionaldigital.com.br\/index.php?rest_route=\/wp\/v2\/posts"}],"about":[{"href":"https:\/\/diarioregionaldigital.com.br\/index.php?rest_route=\/wp\/v2\/types\/post"}],"author":[{"embeddable":true,"href":"https:\/\/diarioregionaldigital.com.br\/index.php?rest_route=\/wp\/v2\/users\/96"}],"replies":[{"embeddable":true,"href":"https:\/\/diarioregionaldigital.com.br\/index.php?rest_route=%2Fwp%2Fv2%2Fcomments&post=90341"}],"version-history":[{"count":0,"href":"https:\/\/diarioregionaldigital.com.br\/index.php?rest_route=\/wp\/v2\/posts\/90341\/revisions"}],"wp:featuredmedia":[{"embeddable":true,"href":"https:\/\/diarioregionaldigital.com.br\/index.php?rest_route=\/wp\/v2\/media\/90340"}],"wp:attachment":[{"href":"https:\/\/diarioregionaldigital.com.br\/index.php?rest_route=%2Fwp%2Fv2%2Fmedia&parent=90341"}],"wp:term":[{"taxonomy":"category","embeddable":true,"href":"https:\/\/diarioregionaldigital.com.br\/index.php?rest_route=%2Fwp%2Fv2%2Fcategories&post=90341"},{"taxonomy":"post_tag","embeddable":true,"href":"https:\/\/diarioregionaldigital.com.br\/index.php?rest_route=%2Fwp%2Fv2%2Ftags&post=90341"}],"curies":[{"name":"wp","href":"https:\/\/api.w.org\/{rel}","templated":true}]}}