{"id":90339,"date":"2018-01-24T18:19:50","date_gmt":"2018-01-24T20:19:50","guid":{"rendered":"http:\/\/diarioregionaljf.com.br\/2018\/01\/24\/prefeitura-de-muriae-divulga-resultado-de-processo-seletivo-para-estagio-na-assistencia-social\/"},"modified":"2018-01-24T18:19:50","modified_gmt":"2018-01-24T20:19:50","slug":"prefeitura-de-muriae-divulga-resultado-de-processo-seletivo-para-estagio-na-assistencia-social","status":"publish","type":"post","link":"https:\/\/diarioregionaldigital.com.br\/?p=90339","title":{"rendered":"Prefeitura de Muria\u00e9 divulga resultado de processo seletivo para est\u00e1gio na assist\u00eancia social"},"content":{"rendered":"<p>Est\u00e1 dispon\u00edvel no <a href=\"http:\/\/www.muriae.mg.gov.br\/site\/estagios\/\" target=\"_blank\" rel=\"noopener noreferrer\">site da Prefeitura de Muria\u00e9<\/a>&nbsp;(a cerca de 158 Km de Juiz de Fora) o resultado final do <a href=\"geral\/22543-prefeitura-de-muriae-abre-inscricoes-de-processo-seletivo-para-estagiarios-na-assistencia-social\" target=\"_blank\" rel=\"noopener noreferrer\">processo seletivo para contrata\u00e7\u00e3o e forma\u00e7\u00e3o de cadastro de reserva de estagi\u00e1rios em institui\u00e7\u00f5es que realizam servi\u00e7os na assist\u00eancia social da cidade<\/a>. O procedimento vai auxiliar o trabalho prestado aos muriaeenses nesse setor e proporcionar experi\u00eancia profissional aos estudantes.<\/p>\n<p>Participaram do processo seletivo estudantes de An\u00e1lise e Desenvolvimento de Sistemas, Educa\u00e7\u00e3o F\u00edsica, Pedagogia, Psicologia, Servi\u00e7o Social e Sistemas de Informa\u00e7\u00e3o. O resultado definitivo pode ser conferido nos murais do Centro Administrativo e no <a href=\"http:\/\/www.muriae.mg.gov.br\/site\/estagios\/\" target=\"_blank\" rel=\"noopener noreferrer\">site da Prefeitura<\/a>. A convoca\u00e7\u00e3o acontecer\u00e1 at\u00e9 31 deste m\u00eas.<\/p>\n<p>A jornada de est\u00e1gio ser\u00e1 de seis horas di\u00e1rias, de manh\u00e3 ou \u00e0 tarde, conforme conveni\u00eancia da Administra\u00e7\u00e3o. A bolsa est\u00e1gio corresponde ao valor de R$723,75. \u201cO est\u00e1gio \u00e9 importante tanto para o estudante, que poder\u00e1 desenvolver habilidades para a carreira profissional, quanto para auxiliar nos servi\u00e7os prestados aos muriaeenses\u201d, afirma o prefeito Grego.<\/p>\n<p>&nbsp;<\/p>\n<p>Fonte: Assessoria<\/p>\n","protected":false},"excerpt":{"rendered":"<p>Est\u00e1 dispon\u00edvel no site da Prefeitura de Muria\u00e9&nbsp;(a cerca de 158 Km de Juiz de Fora) o resultado final do processo seletivo para contrata\u00e7\u00e3o e forma\u00e7\u00e3o de cadastro de reserva de estagi\u00e1rios em institui\u00e7\u00f5es que realizam servi\u00e7os na assist\u00eancia social da cidade. O procedimento vai auxiliar o trabalho prestado aos muriaeenses nesse setor e proporcionar [&hellip;]<\/p>\n","protected":false},"author":96,"featured_media":90338,"comment_status":"closed","ping_status":"closed","sticky":false,"template":"","format":"standard","meta":{"footnotes":""},"categories":[280],"tags":[],"class_list":["post-90339","post","type-post","status-publish","format-standard","has-post-thumbnail","hentry","category-concurso"],"_links":{"self":[{"href":"https:\/\/diarioregionaldigital.com.br\/index.php?rest_route=\/wp\/v2\/posts\/90339","targetHints":{"allow":["GET"]}}],"collection":[{"href":"https:\/\/diarioregionaldigital.com.br\/index.php?rest_route=\/wp\/v2\/posts"}],"about":[{"href":"https:\/\/diarioregionaldigital.com.br\/index.php?rest_route=\/wp\/v2\/types\/post"}],"author":[{"embeddable":true,"href":"https:\/\/diarioregionaldigital.com.br\/index.php?rest_route=\/wp\/v2\/users\/96"}],"replies":[{"embeddable":true,"href":"https:\/\/diarioregionaldigital.com.br\/index.php?rest_route=%2Fwp%2Fv2%2Fcomments&post=90339"}],"version-history":[{"count":0,"href":"https:\/\/diarioregionaldigital.com.br\/index.php?rest_route=\/wp\/v2\/posts\/90339\/revisions"}],"wp:featuredmedia":[{"embeddable":true,"href":"https:\/\/diarioregionaldigital.com.br\/index.php?rest_route=\/wp\/v2\/media\/90338"}],"wp:attachment":[{"href":"https:\/\/diarioregionaldigital.com.br\/index.php?rest_route=%2Fwp%2Fv2%2Fmedia&parent=90339"}],"wp:term":[{"taxonomy":"category","embeddable":true,"href":"https:\/\/diarioregionaldigital.com.br\/index.php?rest_route=%2Fwp%2Fv2%2Fcategories&post=90339"},{"taxonomy":"post_tag","embeddable":true,"href":"https:\/\/diarioregionaldigital.com.br\/index.php?rest_route=%2Fwp%2Fv2%2Ftags&post=90339"}],"curies":[{"name":"wp","href":"https:\/\/api.w.org\/{rel}","templated":true}]}}