{"id":90337,"date":"2018-01-24T18:10:00","date_gmt":"2018-01-24T20:10:00","guid":{"rendered":"http:\/\/diarioregionaljf.com.br\/2018\/01\/24\/barbacena-tem-cinco-casos-suspeitos-de-febre-amarela\/"},"modified":"2018-01-24T18:10:00","modified_gmt":"2018-01-24T20:10:00","slug":"barbacena-tem-cinco-casos-suspeitos-de-febre-amarela","status":"publish","type":"post","link":"https:\/\/diarioregionaldigital.com.br\/?p=90337","title":{"rendered":"Barbacena tem cinco casos suspeitos de febre amarela"},"content":{"rendered":"<p>A Secretaria de Sa\u00fade de Barbacena (a cerca de 110 Km de Juiz de fora), divulgou, em coletiva de imprensa nesta ter\u00e7a-feira, 23, que cinco pessoas est\u00e3o internadas em dois hospitais da cidade com suspeita de febre amarela.O secret\u00e1rio de Sa\u00fade, Jos\u00e9 Orleans, lembrou a import\u00e2ncia da popula\u00e7\u00e3o procurar os postos de sa\u00fade para buscar a imuniza\u00e7\u00e3o. Ele revelou que no pr\u00f3ximo s\u00e1bado, 27, ser\u00e1 realizada uma intensifica\u00e7\u00e3o do trabalho de vacina\u00e7\u00e3o e tamb\u00e9m de busca ativa na \u00e1rea rural.<\/p>\n<p>\u201cAl\u00e9m do trabalho intensificado de vacina\u00e7\u00e3o, tamb\u00e9m estaremos com equipes visitando os moradores da zona rural, tendo em vista que a grande maioria dos casos confirmados e suspeitos de febre amarela foi registrada em pessoas que vivem fora da \u00e1rea urbana\u201d, explicou.<\/p>\n<p>Entre os cinco pacientes internados em Barbacena, dois se encontram em estado grave, sendo que um deles \u00e9 natural da cidade e outro do munic\u00edpio vizinho de Piranga. Dos outros tr\u00eas pacientes, dois tamb\u00e9m s\u00e3o de Piranga e um de Senhora de Oliveira.<\/p>\n<p>&nbsp;<\/p>\n<p>Fonte: BarbacenaMais<\/p>\n","protected":false},"excerpt":{"rendered":"<p>A Secretaria de Sa\u00fade de Barbacena (a cerca de 110 Km de Juiz de fora), divulgou, em coletiva de imprensa nesta ter\u00e7a-feira, 23, que cinco pessoas est\u00e3o internadas em dois hospitais da cidade com suspeita de febre amarela.O secret\u00e1rio de Sa\u00fade, Jos\u00e9 Orleans, lembrou a import\u00e2ncia da popula\u00e7\u00e3o procurar os postos de sa\u00fade para buscar [&hellip;]<\/p>\n","protected":false},"author":96,"featured_media":90336,"comment_status":"closed","ping_status":"closed","sticky":false,"template":"","format":"standard","meta":{"footnotes":""},"categories":[252],"tags":[],"class_list":["post-90337","post","type-post","status-publish","format-standard","has-post-thumbnail","hentry","category-regiao"],"_links":{"self":[{"href":"https:\/\/diarioregionaldigital.com.br\/index.php?rest_route=\/wp\/v2\/posts\/90337","targetHints":{"allow":["GET"]}}],"collection":[{"href":"https:\/\/diarioregionaldigital.com.br\/index.php?rest_route=\/wp\/v2\/posts"}],"about":[{"href":"https:\/\/diarioregionaldigital.com.br\/index.php?rest_route=\/wp\/v2\/types\/post"}],"author":[{"embeddable":true,"href":"https:\/\/diarioregionaldigital.com.br\/index.php?rest_route=\/wp\/v2\/users\/96"}],"replies":[{"embeddable":true,"href":"https:\/\/diarioregionaldigital.com.br\/index.php?rest_route=%2Fwp%2Fv2%2Fcomments&post=90337"}],"version-history":[{"count":0,"href":"https:\/\/diarioregionaldigital.com.br\/index.php?rest_route=\/wp\/v2\/posts\/90337\/revisions"}],"wp:featuredmedia":[{"embeddable":true,"href":"https:\/\/diarioregionaldigital.com.br\/index.php?rest_route=\/wp\/v2\/media\/90336"}],"wp:attachment":[{"href":"https:\/\/diarioregionaldigital.com.br\/index.php?rest_route=%2Fwp%2Fv2%2Fmedia&parent=90337"}],"wp:term":[{"taxonomy":"category","embeddable":true,"href":"https:\/\/diarioregionaldigital.com.br\/index.php?rest_route=%2Fwp%2Fv2%2Fcategories&post=90337"},{"taxonomy":"post_tag","embeddable":true,"href":"https:\/\/diarioregionaldigital.com.br\/index.php?rest_route=%2Fwp%2Fv2%2Ftags&post=90337"}],"curies":[{"name":"wp","href":"https:\/\/api.w.org\/{rel}","templated":true}]}}