{"id":90335,"date":"2018-01-24T17:57:58","date_gmt":"2018-01-24T19:57:58","guid":{"rendered":"http:\/\/diarioregionaljf.com.br\/2018\/01\/24\/corpo-de-bombeiros-combate-incendio-em-apartamento-no-bairro-santos-dumont\/"},"modified":"2018-01-24T17:57:58","modified_gmt":"2018-01-24T19:57:58","slug":"corpo-de-bombeiros-combate-incendio-em-apartamento-no-bairro-santos-dumont","status":"publish","type":"post","link":"https:\/\/diarioregionaldigital.com.br\/?p=90335","title":{"rendered":"Corpo de Bombeiros combate inc\u00eandio em apartamento no bairro Santos Dumont"},"content":{"rendered":"<p>O Quarto Batalh\u00e3o de Bombeiros Militar de Juiz de Fora atendeu a uma ocorr\u00eancia de inc\u00eandio no segundo andar de um edif\u00edcio plurifamiliar, com tr\u00eas pavimentos, na Rua Alvaro Jos\u00e9 Rodrigues, bairro Santos Dumont, zona Oeste da cidade, no in\u00edcio da tarde desta quarta-feira, 24.<\/p>\n<p>Segundo informa\u00e7\u00f5es do Corpo de Bombeiros, os militares foram acionados por volta das 12h. Cerca de quatro mil litros de \u00e1gua foram utilizados no combate \u00e0s chamas e no resfriamento do local. Dois quartos e um banheiro foram consumidos pelo fogo, mas ningu\u00e9m se feriu.<\/p>\n<p>A Defesa Civil foi acionada para avaliar a estrutura do pr\u00e9dio e a Pol\u00edcia Militar (PM) assumiu o desenrolar da ocorr\u00eancia, uma vez que, na chegada dos Bombeiros, constatou-se que uma das portas da resid\u00eancia se encontrava aberta com sinais de arrombamento.<\/p>\n<p>&nbsp;<\/p>\n<p>Colabora\u00e7\u00e3o Assessoria<\/p>\n","protected":false},"excerpt":{"rendered":"<p>O Quarto Batalh\u00e3o de Bombeiros Militar de Juiz de Fora atendeu a uma ocorr\u00eancia de inc\u00eandio no segundo andar de um edif\u00edcio plurifamiliar, com tr\u00eas pavimentos, na Rua Alvaro Jos\u00e9 Rodrigues, bairro Santos Dumont, zona Oeste da cidade, no in\u00edcio da tarde desta quarta-feira, 24. Segundo informa\u00e7\u00f5es do Corpo de Bombeiros, os militares foram acionados [&hellip;]<\/p>\n","protected":false},"author":96,"featured_media":90334,"comment_status":"closed","ping_status":"closed","sticky":false,"template":"","format":"standard","meta":{"footnotes":""},"categories":[253],"tags":[],"class_list":["post-90335","post","type-post","status-publish","format-standard","has-post-thumbnail","hentry","category-cidade"],"_links":{"self":[{"href":"https:\/\/diarioregionaldigital.com.br\/index.php?rest_route=\/wp\/v2\/posts\/90335","targetHints":{"allow":["GET"]}}],"collection":[{"href":"https:\/\/diarioregionaldigital.com.br\/index.php?rest_route=\/wp\/v2\/posts"}],"about":[{"href":"https:\/\/diarioregionaldigital.com.br\/index.php?rest_route=\/wp\/v2\/types\/post"}],"author":[{"embeddable":true,"href":"https:\/\/diarioregionaldigital.com.br\/index.php?rest_route=\/wp\/v2\/users\/96"}],"replies":[{"embeddable":true,"href":"https:\/\/diarioregionaldigital.com.br\/index.php?rest_route=%2Fwp%2Fv2%2Fcomments&post=90335"}],"version-history":[{"count":0,"href":"https:\/\/diarioregionaldigital.com.br\/index.php?rest_route=\/wp\/v2\/posts\/90335\/revisions"}],"wp:featuredmedia":[{"embeddable":true,"href":"https:\/\/diarioregionaldigital.com.br\/index.php?rest_route=\/wp\/v2\/media\/90334"}],"wp:attachment":[{"href":"https:\/\/diarioregionaldigital.com.br\/index.php?rest_route=%2Fwp%2Fv2%2Fmedia&parent=90335"}],"wp:term":[{"taxonomy":"category","embeddable":true,"href":"https:\/\/diarioregionaldigital.com.br\/index.php?rest_route=%2Fwp%2Fv2%2Fcategories&post=90335"},{"taxonomy":"post_tag","embeddable":true,"href":"https:\/\/diarioregionaldigital.com.br\/index.php?rest_route=%2Fwp%2Fv2%2Ftags&post=90335"}],"curies":[{"name":"wp","href":"https:\/\/api.w.org\/{rel}","templated":true}]}}