{"id":90333,"date":"2018-01-24T17:45:19","date_gmt":"2018-01-24T19:45:19","guid":{"rendered":"http:\/\/diarioregionaljf.com.br\/2018\/01\/24\/prefeitura-de-belo-horizonte-lanca-aplicativo-do-carnaval\/"},"modified":"2018-01-24T17:45:19","modified_gmt":"2018-01-24T19:45:19","slug":"prefeitura-de-belo-horizonte-lanca-aplicativo-do-carnaval","status":"publish","type":"post","link":"https:\/\/diarioregionaldigital.com.br\/?p=90333","title":{"rendered":"Prefeitura de Belo Horizonte lan\u00e7a aplicativo do Carnaval"},"content":{"rendered":"<p>Para quem n\u00e3o quer perder nenhum segundo da folia, o aplicativo &#8216;Carnaval de Belo Horizonte Oficial&#8217; \u00e9 a melhor dica. Desenvolvido pela Belotur, em parceria com a Prodabel, o app cont\u00e9m todas as informa\u00e7\u00f5es da programa\u00e7\u00e3o oficial e associada, al\u00e9m do funcionamento dos diversos servi\u00e7os da cidade durante as festividades. O download \u00e9 gratuito e j\u00e1 pode ser feito a partir por usu\u00e1rios do sistema Android. A vers\u00e3o para IOS deve estar dispon\u00edvel no dia 31.<\/p>\n<p>Por meio do aplicativo, o foli\u00e3o poder\u00e1 consultar a programa\u00e7\u00e3o dos blocos de rua, dos desfiles das Escolas de Samba, dos Blocos Caricatos, dos nove palcos oficiais e dos eventos associados. Al\u00e9m disso, o app tamb\u00e9m conta com informa\u00e7\u00f5es sobre bares, restaurantes, postos de sa\u00fade, pontos gratuitos de WiFi, localiza\u00e7\u00e3o de banheiros qu\u00edmicos e telefones \u00fateis como o da Guarda Municipal, da Pol\u00edcia Militar e do Corpo de Bombeiros. Ser\u00e1 poss\u00edvel, ainda, acessar o link da BHTrans e verificar quais as ruas que estar\u00e3o mais congestionadas, podendo escolher o melhor trajeto para chegar na folia.<\/p>\n<p>O aplicativo &#8216;Carnaval de Belo Horizonte Oficial&#8217; \u00e9 atualizado diariamente com informa\u00e7\u00f5es sobre trajetos de blocos confirmados. Ele foi desenvolvido a partir de um sistema oficial de mapas da Prefeitura de BH e \u00e9 ordenado por dist\u00e2ncia e data, tornando a consulta f\u00e1cil e pr\u00e1tica.<\/p>\n<p>&nbsp;<\/p>\n<h4>CARNAVAL DE BELO HORIZONTE 2018<\/h4>\n<p>O Carnaval de Belo Horizonte, que acontece oficialmente do dia 27 de janeiro a 18 de fevereiro, se tornou um dos mais surpreendentes do pa\u00eds. Para este ano, a expectativa \u00e9 de 3,6 milh\u00f5es de foli\u00f5es, 20% a mais que em 2017. Ser\u00e3o cerca de 480 blocos de rua com 550 desfiles.<\/p>\n<p>Entre as novidades est\u00e3o os nove palcos oficiais distribu\u00eddos entre as regionais, descentralizando ainda mais a programa\u00e7\u00e3o na cidade. Al\u00e9m disso, melhorias estruturais acontecer\u00e3o na avenida Afonso Pena para o desfile das escolas de samba e blocos caricatos. Pela primeira vez na hist\u00f3ria da cidade, a avenida ser\u00e1 pintada de branco para valorizar as fantasias e adere\u00e7os, assim como acontece nos samb\u00f3dromos. No local ser\u00e1 instalado ainda um cron\u00f4metro para contar o tempo dos desfiles.<\/p>\n<p>Outro aspecto importante, tamb\u00e9m previsto no regulamento, \u00e9 a abertura de espa\u00e7o para o surgimento de novas escolas e blocos, um ingrediente com potencial para trazer inova\u00e7\u00e3o e renova\u00e7\u00e3o para o Carnaval.<\/p>\n<p>&nbsp;<\/p>\n<p>Fonte: Assessoria Belotur<\/p>\n","protected":false},"excerpt":{"rendered":"<p>Para quem n\u00e3o quer perder nenhum segundo da folia, o aplicativo &#8216;Carnaval de Belo Horizonte Oficial&#8217; \u00e9 a melhor dica. Desenvolvido pela Belotur, em parceria com a Prodabel, o app cont\u00e9m todas as informa\u00e7\u00f5es da programa\u00e7\u00e3o oficial e associada, al\u00e9m do funcionamento dos diversos servi\u00e7os da cidade durante as festividades. O download \u00e9 gratuito e [&hellip;]<\/p>\n","protected":false},"author":96,"featured_media":90332,"comment_status":"closed","ping_status":"closed","sticky":false,"template":"","format":"standard","meta":{"footnotes":""},"categories":[252],"tags":[],"class_list":["post-90333","post","type-post","status-publish","format-standard","has-post-thumbnail","hentry","category-regiao"],"_links":{"self":[{"href":"https:\/\/diarioregionaldigital.com.br\/index.php?rest_route=\/wp\/v2\/posts\/90333","targetHints":{"allow":["GET"]}}],"collection":[{"href":"https:\/\/diarioregionaldigital.com.br\/index.php?rest_route=\/wp\/v2\/posts"}],"about":[{"href":"https:\/\/diarioregionaldigital.com.br\/index.php?rest_route=\/wp\/v2\/types\/post"}],"author":[{"embeddable":true,"href":"https:\/\/diarioregionaldigital.com.br\/index.php?rest_route=\/wp\/v2\/users\/96"}],"replies":[{"embeddable":true,"href":"https:\/\/diarioregionaldigital.com.br\/index.php?rest_route=%2Fwp%2Fv2%2Fcomments&post=90333"}],"version-history":[{"count":0,"href":"https:\/\/diarioregionaldigital.com.br\/index.php?rest_route=\/wp\/v2\/posts\/90333\/revisions"}],"wp:featuredmedia":[{"embeddable":true,"href":"https:\/\/diarioregionaldigital.com.br\/index.php?rest_route=\/wp\/v2\/media\/90332"}],"wp:attachment":[{"href":"https:\/\/diarioregionaldigital.com.br\/index.php?rest_route=%2Fwp%2Fv2%2Fmedia&parent=90333"}],"wp:term":[{"taxonomy":"category","embeddable":true,"href":"https:\/\/diarioregionaldigital.com.br\/index.php?rest_route=%2Fwp%2Fv2%2Fcategories&post=90333"},{"taxonomy":"post_tag","embeddable":true,"href":"https:\/\/diarioregionaldigital.com.br\/index.php?rest_route=%2Fwp%2Fv2%2Ftags&post=90333"}],"curies":[{"name":"wp","href":"https:\/\/api.w.org\/{rel}","templated":true}]}}