{"id":90331,"date":"2018-01-24T17:28:38","date_gmt":"2018-01-24T19:28:38","guid":{"rendered":"http:\/\/diarioregionaljf.com.br\/2018\/01\/24\/funalfa-cadastra-foodtrucks-para-o-corredor-da-folia\/"},"modified":"2018-01-24T17:28:38","modified_gmt":"2018-01-24T19:28:38","slug":"funalfa-cadastra-foodtrucks-para-o-corredor-da-folia","status":"publish","type":"post","link":"https:\/\/diarioregionaldigital.com.br\/?p=90331","title":{"rendered":"Funalfa cadastra foodtrucks para o Corredor da Folia"},"content":{"rendered":"<p>A Funda\u00e7\u00e3o Cultural Alfredo Ferreira Lage (Funalfa) inicia, nesta quarta-feira, 24, o per\u00edodo de inscri\u00e7\u00e3o para propriet\u00e1rios de foodtrucks que queiram trabalhar nos eventos do Corredor da Folia. Os interessados devem se dirigir ao Departamento de Cultura da Funalfa (Avenida Rio Branco, n\u00ba 2.234, Parque Halfeld &#8211; Centro), at\u00e9 sexta-feira, 26, das 8h30 \u00e0s 11h30 e das 14h30 \u00e0s 17h.<\/p>\n<p>Em sua oitava edi\u00e7\u00e3o, o Corredor da Folia acontecer\u00e1 nos dias 6, 7, 8 e 11 de fevereiro, na Pra\u00e7a Ant\u00f4nio Carlos &#8211; Centro. Neste ano, ser\u00e3o selecionados quatro foodtrucks com os seguintes produtos:<\/p>\n<p>1- Cerveja artesanal<\/p>\n<p>2 &#8211; Macarr\u00e3o na chapa<\/p>\n<p>3 &#8211; Hamb\u00farguer<\/p>\n<p>4 &#8211; Por\u00e7\u00f5es de carne<\/p>\n<p>&nbsp;<\/p>\n<p>Caso a procura seja maior que a oferta, a sele\u00e7\u00e3o se dar\u00e1 por meio de sorteio no pr\u00f3ximo dia 31, \u00e0s 15h, no Anfiteatro Jo\u00e3o Carri\u00e7o (Funalfa). Os inscritos dever\u00e3o estar presentes, portando documento de identifica\u00e7\u00e3o pessoal. S\u00f3 estar\u00e3o aptas a participar do sorteio as pessoas que oficializarem o cadastro no per\u00edodo indicado.<\/p>\n<p>&nbsp;<\/p>\n<p>Fonte: Assessoria<\/p>\n","protected":false},"excerpt":{"rendered":"<p>A Funda\u00e7\u00e3o Cultural Alfredo Ferreira Lage (Funalfa) inicia, nesta quarta-feira, 24, o per\u00edodo de inscri\u00e7\u00e3o para propriet\u00e1rios de foodtrucks que queiram trabalhar nos eventos do Corredor da Folia. Os interessados devem se dirigir ao Departamento de Cultura da Funalfa (Avenida Rio Branco, n\u00ba 2.234, Parque Halfeld &#8211; Centro), at\u00e9 sexta-feira, 26, das 8h30 \u00e0s 11h30 [&hellip;]<\/p>\n","protected":false},"author":96,"featured_media":90330,"comment_status":"closed","ping_status":"closed","sticky":false,"template":"","format":"standard","meta":{"footnotes":""},"categories":[253],"tags":[],"class_list":["post-90331","post","type-post","status-publish","format-standard","has-post-thumbnail","hentry","category-cidade"],"_links":{"self":[{"href":"https:\/\/diarioregionaldigital.com.br\/index.php?rest_route=\/wp\/v2\/posts\/90331","targetHints":{"allow":["GET"]}}],"collection":[{"href":"https:\/\/diarioregionaldigital.com.br\/index.php?rest_route=\/wp\/v2\/posts"}],"about":[{"href":"https:\/\/diarioregionaldigital.com.br\/index.php?rest_route=\/wp\/v2\/types\/post"}],"author":[{"embeddable":true,"href":"https:\/\/diarioregionaldigital.com.br\/index.php?rest_route=\/wp\/v2\/users\/96"}],"replies":[{"embeddable":true,"href":"https:\/\/diarioregionaldigital.com.br\/index.php?rest_route=%2Fwp%2Fv2%2Fcomments&post=90331"}],"version-history":[{"count":0,"href":"https:\/\/diarioregionaldigital.com.br\/index.php?rest_route=\/wp\/v2\/posts\/90331\/revisions"}],"wp:featuredmedia":[{"embeddable":true,"href":"https:\/\/diarioregionaldigital.com.br\/index.php?rest_route=\/wp\/v2\/media\/90330"}],"wp:attachment":[{"href":"https:\/\/diarioregionaldigital.com.br\/index.php?rest_route=%2Fwp%2Fv2%2Fmedia&parent=90331"}],"wp:term":[{"taxonomy":"category","embeddable":true,"href":"https:\/\/diarioregionaldigital.com.br\/index.php?rest_route=%2Fwp%2Fv2%2Fcategories&post=90331"},{"taxonomy":"post_tag","embeddable":true,"href":"https:\/\/diarioregionaldigital.com.br\/index.php?rest_route=%2Fwp%2Fv2%2Ftags&post=90331"}],"curies":[{"name":"wp","href":"https:\/\/api.w.org\/{rel}","templated":true}]}}