{"id":90329,"date":"2018-01-24T17:28:28","date_gmt":"2018-01-24T19:28:28","guid":{"rendered":"http:\/\/diarioregionaljf.com.br\/2018\/01\/24\/auditores-fiscais-do-trabalho-pedem-prisao-de-mandantes-da-chacina-de-unai\/"},"modified":"2018-01-24T17:28:28","modified_gmt":"2018-01-24T19:28:28","slug":"auditores-fiscais-do-trabalho-pedem-prisao-de-mandantes-da-chacina-de-unai","status":"publish","type":"post","link":"https:\/\/diarioregionaldigital.com.br\/?p=90329","title":{"rendered":"Auditores fiscais do Trabalho pedem pris\u00e3o de mandantes da Chacina de Una\u00ed"},"content":{"rendered":"<p>Um ato p\u00fablico em frente ao Tribunal Regional Federal da 1\u00aa Regi\u00e3o (TRF1), em Bras\u00edlia, reuniu cerca de 200 pessoas para exigir a pris\u00e3o dos quatro empres\u00e1rios condenados pelo assassinato de tr\u00eas auditores fiscais do Trabalho e de um motorista do Minist\u00e9rio do Trabalho que apuravam den\u00fancias de trabalho escravo em fazendas de Una\u00ed (MG), em 2004. O epis\u00f3dio ficou conhecido como a Chacina de Una\u00ed.<\/p>\n<p>Organizado anualmente pelo Sindicato Nacional dos Auditores Fiscais do Trabalho (Sinait), o ato integra as atividades da Semana Nacional de Combate ao Trabalho Escravo, criada em 2009 para homenagear os auditores Erat\u00f3stenes de Almeida Gonsalves, Jo\u00e3o Batista Soares Lage e Nelson Jos\u00e9 da Silva e o motorista do Minist\u00e9rio do Trabalho Ailton Pereira de Oliveira, mortos a tiros no dia 28 de janeiro de 2004.<\/p>\n<p>Os executores do crime, Rog\u00e9rio Alan Rocha Rios, Erinaldo de Vasconcelos Silva e William Gomes de Miranda, foram condenados por homic\u00eddio triplamente qualificado e cumprem pena desde 2013 em pres\u00eddios de Minas Gerais. J\u00e1 os mandantes dos crimes, os empres\u00e1rios Ant\u00e9rio M\u00e2nica, Norberto M\u00e2nica, Hugo Alves Pimenta e Jos\u00e9 Alberto de Castro, que foram condenados pela Justi\u00e7a Federal em outubro de 2015, recorreram da senten\u00e7a e seguem respondendo em liberdade.<\/p>\n<p>Os recursos apresentados pela defesa dos quatro empres\u00e1rios tentam anular a senten\u00e7a e obter um novo julgamento, n\u00e3o mais em Belo Horizonte, mas em Una\u00ed. Os recursos tramitam no TRF1.<\/p>\n<p>\u201cEnquanto a vida dos mandantes dos crimes corre normalmente, as fam\u00edlias [das v\u00edtimas] e os auditores fiscais do trabalho continuam convivendo com a ang\u00fastia de n\u00e3o ver esse ciclo encerrado\u201d, afirma o Sinait em nota.<\/p>\n<p>Fonte: Ag\u00eancia Brasil<\/p>\n","protected":false},"excerpt":{"rendered":"<p>Um ato p\u00fablico em frente ao Tribunal Regional Federal da 1\u00aa Regi\u00e3o (TRF1), em Bras\u00edlia, reuniu cerca de 200 pessoas para exigir a pris\u00e3o dos quatro empres\u00e1rios condenados pelo assassinato de tr\u00eas auditores fiscais do Trabalho e de um motorista do Minist\u00e9rio do Trabalho que apuravam den\u00fancias de trabalho escravo em fazendas de Una\u00ed (MG), [&hellip;]<\/p>\n","protected":false},"author":96,"featured_media":90328,"comment_status":"closed","ping_status":"closed","sticky":false,"template":"","format":"standard","meta":{"footnotes":""},"categories":[302],"tags":[],"class_list":["post-90329","post","type-post","status-publish","format-standard","has-post-thumbnail","hentry","category-brasil-mundo"],"_links":{"self":[{"href":"https:\/\/diarioregionaldigital.com.br\/index.php?rest_route=\/wp\/v2\/posts\/90329","targetHints":{"allow":["GET"]}}],"collection":[{"href":"https:\/\/diarioregionaldigital.com.br\/index.php?rest_route=\/wp\/v2\/posts"}],"about":[{"href":"https:\/\/diarioregionaldigital.com.br\/index.php?rest_route=\/wp\/v2\/types\/post"}],"author":[{"embeddable":true,"href":"https:\/\/diarioregionaldigital.com.br\/index.php?rest_route=\/wp\/v2\/users\/96"}],"replies":[{"embeddable":true,"href":"https:\/\/diarioregionaldigital.com.br\/index.php?rest_route=%2Fwp%2Fv2%2Fcomments&post=90329"}],"version-history":[{"count":0,"href":"https:\/\/diarioregionaldigital.com.br\/index.php?rest_route=\/wp\/v2\/posts\/90329\/revisions"}],"wp:featuredmedia":[{"embeddable":true,"href":"https:\/\/diarioregionaldigital.com.br\/index.php?rest_route=\/wp\/v2\/media\/90328"}],"wp:attachment":[{"href":"https:\/\/diarioregionaldigital.com.br\/index.php?rest_route=%2Fwp%2Fv2%2Fmedia&parent=90329"}],"wp:term":[{"taxonomy":"category","embeddable":true,"href":"https:\/\/diarioregionaldigital.com.br\/index.php?rest_route=%2Fwp%2Fv2%2Fcategories&post=90329"},{"taxonomy":"post_tag","embeddable":true,"href":"https:\/\/diarioregionaldigital.com.br\/index.php?rest_route=%2Fwp%2Fv2%2Ftags&post=90329"}],"curies":[{"name":"wp","href":"https:\/\/api.w.org\/{rel}","templated":true}]}}