{"id":90323,"date":"2018-01-24T17:14:50","date_gmt":"2018-01-24T19:14:50","guid":{"rendered":"http:\/\/diarioregionaljf.com.br\/2018\/01\/24\/idoso-tem-carro-roubado-da-garagem-de-casa\/"},"modified":"2018-01-24T17:14:50","modified_gmt":"2018-01-24T19:14:50","slug":"idoso-tem-carro-roubado-da-garagem-de-casa","status":"publish","type":"post","link":"https:\/\/diarioregionaldigital.com.br\/?p=90323","title":{"rendered":"Idoso tem carro roubado da garagem de casa"},"content":{"rendered":"<p>Um idoso de 77 anos teve seu ve\u00edculo roubado, da garagem de casa, no bairro Mundo Novo, zona Sul de Juiz de Fora. A ocorr\u00eancia foi registrada na manh\u00e3 dessa ter\u00e7a-feira, 23.<\/p>\n<p>A v\u00edtima relatou \u00e0 Pol\u00edcia Militar (PM) que estacionou o ve\u00edculo na garagem e, na manh\u00e3 de ter\u00e7a-feira, constatou o furto do mesmo. Segundo o idoso, o port\u00e3o estava aberto e sem sinais de arrombamento. O carro n\u00e3o possui seguro e estava com 1\/4 de combust\u00edvel.<\/p>\n<p>A v\u00edtima n\u00e3o apresentou nenhum suspeito do furto.<\/p>\n","protected":false},"excerpt":{"rendered":"<p>Um idoso de 77 anos teve seu ve\u00edculo roubado, da garagem de casa, no bairro Mundo Novo, zona Sul de Juiz de Fora. A ocorr\u00eancia foi registrada na manh\u00e3 dessa ter\u00e7a-feira, 23. A v\u00edtima relatou \u00e0 Pol\u00edcia Militar (PM) que estacionou o ve\u00edculo na garagem e, na manh\u00e3 de ter\u00e7a-feira, constatou o furto do mesmo. [&hellip;]<\/p>\n","protected":false},"author":96,"featured_media":90322,"comment_status":"closed","ping_status":"closed","sticky":false,"template":"","format":"standard","meta":{"footnotes":""},"categories":[301],"tags":[],"class_list":["post-90323","post","type-post","status-publish","format-standard","has-post-thumbnail","hentry","category-artigos-policiais"],"_links":{"self":[{"href":"https:\/\/diarioregionaldigital.com.br\/index.php?rest_route=\/wp\/v2\/posts\/90323","targetHints":{"allow":["GET"]}}],"collection":[{"href":"https:\/\/diarioregionaldigital.com.br\/index.php?rest_route=\/wp\/v2\/posts"}],"about":[{"href":"https:\/\/diarioregionaldigital.com.br\/index.php?rest_route=\/wp\/v2\/types\/post"}],"author":[{"embeddable":true,"href":"https:\/\/diarioregionaldigital.com.br\/index.php?rest_route=\/wp\/v2\/users\/96"}],"replies":[{"embeddable":true,"href":"https:\/\/diarioregionaldigital.com.br\/index.php?rest_route=%2Fwp%2Fv2%2Fcomments&post=90323"}],"version-history":[{"count":0,"href":"https:\/\/diarioregionaldigital.com.br\/index.php?rest_route=\/wp\/v2\/posts\/90323\/revisions"}],"wp:featuredmedia":[{"embeddable":true,"href":"https:\/\/diarioregionaldigital.com.br\/index.php?rest_route=\/wp\/v2\/media\/90322"}],"wp:attachment":[{"href":"https:\/\/diarioregionaldigital.com.br\/index.php?rest_route=%2Fwp%2Fv2%2Fmedia&parent=90323"}],"wp:term":[{"taxonomy":"category","embeddable":true,"href":"https:\/\/diarioregionaldigital.com.br\/index.php?rest_route=%2Fwp%2Fv2%2Fcategories&post=90323"},{"taxonomy":"post_tag","embeddable":true,"href":"https:\/\/diarioregionaldigital.com.br\/index.php?rest_route=%2Fwp%2Fv2%2Ftags&post=90323"}],"curies":[{"name":"wp","href":"https:\/\/api.w.org\/{rel}","templated":true}]}}