{"id":90271,"date":"2018-01-23T19:56:51","date_gmt":"2018-01-23T21:56:51","guid":{"rendered":"http:\/\/diarioregionaljf.com.br\/2018\/01\/23\/beneficiario-do-bolsa-familia-podera-ter-cartao-de-compra-de-material-escolar\/"},"modified":"2018-01-23T19:56:51","modified_gmt":"2018-01-23T21:56:51","slug":"beneficiario-do-bolsa-familia-podera-ter-cartao-de-compra-de-material-escolar","status":"publish","type":"post","link":"https:\/\/diarioregionaldigital.com.br\/?p=90271","title":{"rendered":"Benefici\u00e1rio do Bolsa-Fam\u00edlia poder\u00e1 ter cart\u00e3o de compra de material escolar"},"content":{"rendered":"<p>Uma proposta da senadora L\u00facia V\u00e2nia (PSB-GO), aprovada pela Comiss\u00e3o de Assuntos Econ\u00f4micos (CAE), determina que a Uni\u00e3o disponibilize recursos para a compra de material escolar pelos benefici\u00e1rios do Bolsa-Fam\u00edlia.<\/p>\n<p>A transfer\u00eancia da verba ser\u00e1 feita por meio de conv\u00eanios com estados, munic\u00edpios e o Distrito Federal. De acordo com a proposta, as fam\u00edlias, com estudantes entre 4 e 17 anos matriculados em escolas p\u00fablicas, receber\u00e3o um cart\u00e3o magn\u00e9tico com o cr\u00e9dito e o material ser\u00e1 comprado em lojas credenciadas.<\/p>\n<p>O relator na CAE, senador Lindbergh Farias (PT-RJ) destacou a import\u00e2ncia da iniciativa.<\/p>\n<p>&#8220;O Bolsa-Fam\u00edlia tem uma import\u00e2ncia fundamental no combate \u00e0 pobreza e no processo de inclus\u00e3o educacional. Ao estimular o desenvolvimento de programas que busquem garantir o acesso ao material escolar de crian\u00e7as e adolescentes, fortalece as pol\u00edticas de assist\u00eancia social. Trata-se de proposta de cunho autorizativo, uma vez que os conv\u00eanios se prestam \u00e0 viabiliza\u00e7\u00e3o de transfer\u00eancias volunt\u00e1rias&#8221;, disse Lindbergh.<\/p>\n<p>O limite dispon\u00edvel em cada cart\u00e3o pode variar de acordo com as etapas da educa\u00e7\u00e3o b\u00e1sica e o custo m\u00e9dio estimado do material escolar em cada local.<\/p>\n<p>O projeto est\u00e1 agora em an\u00e1lise da Comiss\u00e3o de Assuntos Sociais (CAS), onde ser\u00e1 votado de forma terminativa e j\u00e1 recebeu voto favor\u00e1vel do relator, senador Otto Alencar (PSD-BA).<\/p>\n<p>Fonte: Ag\u00eancia Senado<\/p>\n","protected":false},"excerpt":{"rendered":"<p>Uma proposta da senadora L\u00facia V\u00e2nia (PSB-GO), aprovada pela Comiss\u00e3o de Assuntos Econ\u00f4micos (CAE), determina que a Uni\u00e3o disponibilize recursos para a compra de material escolar pelos benefici\u00e1rios do Bolsa-Fam\u00edlia. A transfer\u00eancia da verba ser\u00e1 feita por meio de conv\u00eanios com estados, munic\u00edpios e o Distrito Federal. De acordo com a proposta, as fam\u00edlias, com [&hellip;]<\/p>\n","protected":false},"author":96,"featured_media":90270,"comment_status":"closed","ping_status":"closed","sticky":false,"template":"","format":"standard","meta":{"footnotes":""},"categories":[254],"tags":[],"class_list":["post-90271","post","type-post","status-publish","format-standard","has-post-thumbnail","hentry","category-politica"],"_links":{"self":[{"href":"https:\/\/diarioregionaldigital.com.br\/index.php?rest_route=\/wp\/v2\/posts\/90271","targetHints":{"allow":["GET"]}}],"collection":[{"href":"https:\/\/diarioregionaldigital.com.br\/index.php?rest_route=\/wp\/v2\/posts"}],"about":[{"href":"https:\/\/diarioregionaldigital.com.br\/index.php?rest_route=\/wp\/v2\/types\/post"}],"author":[{"embeddable":true,"href":"https:\/\/diarioregionaldigital.com.br\/index.php?rest_route=\/wp\/v2\/users\/96"}],"replies":[{"embeddable":true,"href":"https:\/\/diarioregionaldigital.com.br\/index.php?rest_route=%2Fwp%2Fv2%2Fcomments&post=90271"}],"version-history":[{"count":0,"href":"https:\/\/diarioregionaldigital.com.br\/index.php?rest_route=\/wp\/v2\/posts\/90271\/revisions"}],"wp:featuredmedia":[{"embeddable":true,"href":"https:\/\/diarioregionaldigital.com.br\/index.php?rest_route=\/wp\/v2\/media\/90270"}],"wp:attachment":[{"href":"https:\/\/diarioregionaldigital.com.br\/index.php?rest_route=%2Fwp%2Fv2%2Fmedia&parent=90271"}],"wp:term":[{"taxonomy":"category","embeddable":true,"href":"https:\/\/diarioregionaldigital.com.br\/index.php?rest_route=%2Fwp%2Fv2%2Fcategories&post=90271"},{"taxonomy":"post_tag","embeddable":true,"href":"https:\/\/diarioregionaldigital.com.br\/index.php?rest_route=%2Fwp%2Fv2%2Ftags&post=90271"}],"curies":[{"name":"wp","href":"https:\/\/api.w.org\/{rel}","templated":true}]}}