{"id":90257,"date":"2018-01-23T19:51:07","date_gmt":"2018-01-23T21:51:07","guid":{"rendered":"http:\/\/diarioregionaljf.com.br\/2018\/01\/23\/previa-da-inflacao-oficial-registra-0-39-em-janeiro\/"},"modified":"2018-01-23T19:51:07","modified_gmt":"2018-01-23T21:51:07","slug":"previa-da-inflacao-oficial-registra-0-39-em-janeiro","status":"publish","type":"post","link":"https:\/\/diarioregionaldigital.com.br\/?p=90257","title":{"rendered":"Pr\u00e9via da infla\u00e7\u00e3o oficial registra 0,39% em janeiro"},"content":{"rendered":"<p>A pr\u00e9via de janeiro de 2018 da infla\u00e7\u00e3o oficial, medida pelo \u00cdndice Nacional de Pre\u00e7os ao Consumidor Amplo &#8211; 15 (IPCA-15), registrou taxa de 0,39%. A taxa \u00e9 superior \u00e0s verificadas nas pr\u00e9vias dezembro de 2017 (0,35%) e de janeiro de 2017 (0,31%).<\/p>\n<p>Segundo dados divulgados nesta ter\u00e7a-feira, 23, pelo Instituto Brasileiro de Geografia e Estat\u00edstica (IBGE), o IPCA-15 acumula taxa de 3,02% em 12 meses.<\/p>\n<p>A alta da taxa mensal do IPCA-15 foi influenciada principalmente pelos alimentos, que tiveram seu primeiro aumento de pre\u00e7os em sete meses. Na pr\u00e9via de janeiro, o grupo de despesas alimenta\u00e7\u00e3o e bebidas teve infla\u00e7\u00e3o de 0,76%.<\/p>\n<p>Os alimentos consumidos em casa tiveram alta de pre\u00e7os de 0,97%, com destaque para o tomate (19,58%), a batata-inglesa (11,70%) e as frutas (4,39%). As carnes tiveram aumento de pre\u00e7os de 1,53%.<\/p>\n<p>A maior alta de pre\u00e7os entre os grupos de despesa do IPCA-15 foi observada, no entanto, entre os transportes, que tiveram infla\u00e7\u00e3o de 0,86%. Os combust\u00edveis subiram 2,54%, com os aumentos de 2,36% na gasolina e de 3,86% no etanol. Os \u00f4nibus urbanos tiveram alta de 0,43% e os intermunicipais, de 0,94%.<\/p>\n<p>O grupo habita\u00e7\u00e3o foi o \u00fanico que registrou defla\u00e7\u00e3o (queda de pre\u00e7os), de 0,41%, devido \u00e0s contas de energia el\u00e9trica, que ficaram 3,97% mais baratas.<\/p>\n<p>Fonte: Ag\u00eancia Brasil<\/p>\n","protected":false},"excerpt":{"rendered":"<p>A pr\u00e9via de janeiro de 2018 da infla\u00e7\u00e3o oficial, medida pelo \u00cdndice Nacional de Pre\u00e7os ao Consumidor Amplo &#8211; 15 (IPCA-15), registrou taxa de 0,39%. A taxa \u00e9 superior \u00e0s verificadas nas pr\u00e9vias dezembro de 2017 (0,35%) e de janeiro de 2017 (0,31%). Segundo dados divulgados nesta ter\u00e7a-feira, 23, pelo Instituto Brasileiro de Geografia e [&hellip;]<\/p>\n","protected":false},"author":96,"featured_media":90256,"comment_status":"closed","ping_status":"closed","sticky":false,"template":"","format":"standard","meta":{"footnotes":""},"categories":[261],"tags":[],"class_list":["post-90257","post","type-post","status-publish","format-standard","has-post-thumbnail","hentry","category-economia"],"_links":{"self":[{"href":"https:\/\/diarioregionaldigital.com.br\/index.php?rest_route=\/wp\/v2\/posts\/90257","targetHints":{"allow":["GET"]}}],"collection":[{"href":"https:\/\/diarioregionaldigital.com.br\/index.php?rest_route=\/wp\/v2\/posts"}],"about":[{"href":"https:\/\/diarioregionaldigital.com.br\/index.php?rest_route=\/wp\/v2\/types\/post"}],"author":[{"embeddable":true,"href":"https:\/\/diarioregionaldigital.com.br\/index.php?rest_route=\/wp\/v2\/users\/96"}],"replies":[{"embeddable":true,"href":"https:\/\/diarioregionaldigital.com.br\/index.php?rest_route=%2Fwp%2Fv2%2Fcomments&post=90257"}],"version-history":[{"count":0,"href":"https:\/\/diarioregionaldigital.com.br\/index.php?rest_route=\/wp\/v2\/posts\/90257\/revisions"}],"wp:featuredmedia":[{"embeddable":true,"href":"https:\/\/diarioregionaldigital.com.br\/index.php?rest_route=\/wp\/v2\/media\/90256"}],"wp:attachment":[{"href":"https:\/\/diarioregionaldigital.com.br\/index.php?rest_route=%2Fwp%2Fv2%2Fmedia&parent=90257"}],"wp:term":[{"taxonomy":"category","embeddable":true,"href":"https:\/\/diarioregionaldigital.com.br\/index.php?rest_route=%2Fwp%2Fv2%2Fcategories&post=90257"},{"taxonomy":"post_tag","embeddable":true,"href":"https:\/\/diarioregionaldigital.com.br\/index.php?rest_route=%2Fwp%2Fv2%2Ftags&post=90257"}],"curies":[{"name":"wp","href":"https:\/\/api.w.org\/{rel}","templated":true}]}}