{"id":90255,"date":"2018-01-23T19:50:16","date_gmt":"2018-01-23T21:50:16","guid":{"rendered":"http:\/\/diarioregionaljf.com.br\/2018\/01\/23\/intervencao-militar-seria-enorme-retrocesso-diz-comandante-do-exercito\/"},"modified":"2018-01-23T19:50:16","modified_gmt":"2018-01-23T21:50:16","slug":"intervencao-militar-seria-enorme-retrocesso-diz-comandante-do-exercito","status":"publish","type":"post","link":"https:\/\/diarioregionaldigital.com.br\/?p=90255","title":{"rendered":"Interven\u00e7\u00e3o militar seria enorme retrocesso, diz comandante do Ex\u00e9rcito"},"content":{"rendered":"<p>O comandante do Ex\u00e9rcito Brasileiro, general Eduardo Dias da Costa Villas B\u00f4as, afirmou nessa ter\u00e7a-feira, 23, que a exist\u00eancia de setores da sociedade que pedem interven\u00e7\u00e3o militar no Brasil sinaliza a gravidade dos problemas que o pa\u00eds enfrenta.<\/p>\n<p>&#8220;Isso, na minha opini\u00e3o, \u00e9 um term\u00f4metro da gravidade do problema que estamos vivendo no pa\u00eds. Interven\u00e7\u00e3o militar seria um enorme retrocesso&#8221;, disse Villas B\u00f4as, em palestra no Semin\u00e1rio Brasil: Imperativo Renascer, realizado na Escola de Magistratura do Estado do Rio de Janeiro.<\/p>\n<p>O general Villas B\u00f4as citou uma pesquisa de opini\u00e3o que apontava o apoio de mais 40% da popula\u00e7\u00e3o \u00e0 ideia de interven\u00e7\u00e3o e disse que tal ades\u00e3o, por outro lado, reflete a confian\u00e7a desses setores da popula\u00e7\u00e3o nas For\u00e7as Armadas.<\/p>\n<p>&#8220;Interpreto tamb\u00e9m a\u00ed uma identifica\u00e7\u00e3o da sociedade com os valores que as For\u00e7as Armadas expressam, manifestam e representam&#8221;, acrescentou. De acordo com o general, a Marinha, o Ex\u00e9rcito e a Aeron\u00e1utica s\u00e3o tamb\u00e9m &#8220;guardi\u00f5es da identidade nacional&#8221;, que ele considera estar em um caminho de fragmenta\u00e7\u00e3o.<\/p>\n<p>Villas B\u00f4as destacou que o tema defesa n\u00e3o teve relev\u00e2ncia nas \u00faltimas campanhas pol\u00edticas. Para tentar inverter esse cen\u00e1rio, o general disse que o Ex\u00e9rcito tem dialogado com candidatos \u00e0 Presid\u00eancia da Rep\u00fablica. &#8220;Estamos fazendo contato com os candidatos mais ou menos consolidados, e oferecendo consultoria e ajuda para que trabalhem nesse sentido.&#8221;<\/p>\n<p>Na vis\u00e3o do comandante do Ex\u00e9rcito, existe no pa\u00eds uma percep\u00e7\u00e3o de que a soberania nacional n\u00e3o sofre amea\u00e7as, o que faz com que o debate sobre defesa n\u00e3o tenha apelo na sociedade. &#8220;Somos o \u00fanico grande pa\u00eds n\u00e3o beligerante. Este \u00e9 o lado ruim de uma coisa boa. Nos falta o sentimento de um projeto nacional.&#8221;<\/p>\n<p>Fonte: Ag\u00eancia Brasil<\/p>\n","protected":false},"excerpt":{"rendered":"<p>O comandante do Ex\u00e9rcito Brasileiro, general Eduardo Dias da Costa Villas B\u00f4as, afirmou nessa ter\u00e7a-feira, 23, que a exist\u00eancia de setores da sociedade que pedem interven\u00e7\u00e3o militar no Brasil sinaliza a gravidade dos problemas que o pa\u00eds enfrenta. &#8220;Isso, na minha opini\u00e3o, \u00e9 um term\u00f4metro da gravidade do problema que estamos vivendo no pa\u00eds. Interven\u00e7\u00e3o [&hellip;]<\/p>\n","protected":false},"author":96,"featured_media":90254,"comment_status":"closed","ping_status":"closed","sticky":false,"template":"","format":"standard","meta":{"footnotes":""},"categories":[254],"tags":[],"class_list":["post-90255","post","type-post","status-publish","format-standard","has-post-thumbnail","hentry","category-politica"],"_links":{"self":[{"href":"https:\/\/diarioregionaldigital.com.br\/index.php?rest_route=\/wp\/v2\/posts\/90255","targetHints":{"allow":["GET"]}}],"collection":[{"href":"https:\/\/diarioregionaldigital.com.br\/index.php?rest_route=\/wp\/v2\/posts"}],"about":[{"href":"https:\/\/diarioregionaldigital.com.br\/index.php?rest_route=\/wp\/v2\/types\/post"}],"author":[{"embeddable":true,"href":"https:\/\/diarioregionaldigital.com.br\/index.php?rest_route=\/wp\/v2\/users\/96"}],"replies":[{"embeddable":true,"href":"https:\/\/diarioregionaldigital.com.br\/index.php?rest_route=%2Fwp%2Fv2%2Fcomments&post=90255"}],"version-history":[{"count":0,"href":"https:\/\/diarioregionaldigital.com.br\/index.php?rest_route=\/wp\/v2\/posts\/90255\/revisions"}],"wp:featuredmedia":[{"embeddable":true,"href":"https:\/\/diarioregionaldigital.com.br\/index.php?rest_route=\/wp\/v2\/media\/90254"}],"wp:attachment":[{"href":"https:\/\/diarioregionaldigital.com.br\/index.php?rest_route=%2Fwp%2Fv2%2Fmedia&parent=90255"}],"wp:term":[{"taxonomy":"category","embeddable":true,"href":"https:\/\/diarioregionaldigital.com.br\/index.php?rest_route=%2Fwp%2Fv2%2Fcategories&post=90255"},{"taxonomy":"post_tag","embeddable":true,"href":"https:\/\/diarioregionaldigital.com.br\/index.php?rest_route=%2Fwp%2Fv2%2Ftags&post=90255"}],"curies":[{"name":"wp","href":"https:\/\/api.w.org\/{rel}","templated":true}]}}