{"id":90251,"date":"2018-01-23T19:43:33","date_gmt":"2018-01-23T21:43:33","guid":{"rendered":"http:\/\/diarioregionaljf.com.br\/2018\/01\/23\/advogado-de-lula-entrega-resumo-da-apelacao-a-desembargadores-do-trf4\/"},"modified":"2018-01-23T19:43:33","modified_gmt":"2018-01-23T21:43:33","slug":"advogado-de-lula-entrega-resumo-da-apelacao-a-desembargadores-do-trf4","status":"publish","type":"post","link":"https:\/\/diarioregionaldigital.com.br\/?p=90251","title":{"rendered":"Advogado de Lula entrega resumo da apela\u00e7\u00e3o a desembargadores do TRF4"},"content":{"rendered":"<p>O advogado do ex-presidente Luiz In\u00e1cio Lula da Silva, Cristiano Zanin, entregou na segunda-feira, 22, aos tr\u00eas desembargadores que v\u00e3o julgar o recurso de Lula os memorais do caso, que s\u00e3o documentos com um resumo da apela\u00e7\u00e3o. Zanin explicou que, como o recurso tem cerca de 500 p\u00e1ginas, os memorais destacam os principais aspectos e argumentos dos defensores.<\/p>\n<p>Lula foi condenado pelo juiz federal S\u00e9rgio Moro pelos crimes de corrup\u00e7\u00e3o passiva e lavagem de dinheiro. Mas a defesa recorreu da decis\u00e3o e a manifesta\u00e7\u00e3o ser\u00e1 julgada nessa quarta-feira, 24, pelos desembargadores federais Jo\u00e3o Pedro Gebran Neto, Leandro Paulsen e Victor Luiz dos Santos Laus.<\/p>\n<p>De acordo com o advogado, a entrega do material \u00e9 uma pr\u00e1tica comum em julgamentos colegiados, pois auxilia o trabalho dos magistrados. Sobre o julgamento, o advogado se diz confiante.<\/p>\n<p>\u201cOs memorais, assim como o recurso, apontam uma s\u00e9rie de ilegalidades cometidas n\u00e3o s\u00f3 na senten\u00e7a, mas durante todo o processo em primeira inst\u00e2ncia. Nossa expectativa \u00e9 de que o recurso seja acolhido. Acreditamos na for\u00e7a jur\u00eddica de todos os argumentos e fundamentos que foram apresentados ao tribunal. O caso n\u00e3o \u00e9 s\u00f3 de aus\u00eancia de provas ou de culpa. Mas \u00e9 de que n\u00e3o h\u00e1 nenhum crime. Esperamos que o tribunal possa reconhecer\u201d, disse Zanin.<\/p>\n<p>Fonte: Ag\u00eancia Brasil<\/p>\n","protected":false},"excerpt":{"rendered":"<p>O advogado do ex-presidente Luiz In\u00e1cio Lula da Silva, Cristiano Zanin, entregou na segunda-feira, 22, aos tr\u00eas desembargadores que v\u00e3o julgar o recurso de Lula os memorais do caso, que s\u00e3o documentos com um resumo da apela\u00e7\u00e3o. Zanin explicou que, como o recurso tem cerca de 500 p\u00e1ginas, os memorais destacam os principais aspectos e [&hellip;]<\/p>\n","protected":false},"author":96,"featured_media":90250,"comment_status":"closed","ping_status":"closed","sticky":false,"template":"","format":"standard","meta":{"footnotes":""},"categories":[254],"tags":[],"class_list":["post-90251","post","type-post","status-publish","format-standard","has-post-thumbnail","hentry","category-politica"],"_links":{"self":[{"href":"https:\/\/diarioregionaldigital.com.br\/index.php?rest_route=\/wp\/v2\/posts\/90251","targetHints":{"allow":["GET"]}}],"collection":[{"href":"https:\/\/diarioregionaldigital.com.br\/index.php?rest_route=\/wp\/v2\/posts"}],"about":[{"href":"https:\/\/diarioregionaldigital.com.br\/index.php?rest_route=\/wp\/v2\/types\/post"}],"author":[{"embeddable":true,"href":"https:\/\/diarioregionaldigital.com.br\/index.php?rest_route=\/wp\/v2\/users\/96"}],"replies":[{"embeddable":true,"href":"https:\/\/diarioregionaldigital.com.br\/index.php?rest_route=%2Fwp%2Fv2%2Fcomments&post=90251"}],"version-history":[{"count":0,"href":"https:\/\/diarioregionaldigital.com.br\/index.php?rest_route=\/wp\/v2\/posts\/90251\/revisions"}],"wp:featuredmedia":[{"embeddable":true,"href":"https:\/\/diarioregionaldigital.com.br\/index.php?rest_route=\/wp\/v2\/media\/90250"}],"wp:attachment":[{"href":"https:\/\/diarioregionaldigital.com.br\/index.php?rest_route=%2Fwp%2Fv2%2Fmedia&parent=90251"}],"wp:term":[{"taxonomy":"category","embeddable":true,"href":"https:\/\/diarioregionaldigital.com.br\/index.php?rest_route=%2Fwp%2Fv2%2Fcategories&post=90251"},{"taxonomy":"post_tag","embeddable":true,"href":"https:\/\/diarioregionaldigital.com.br\/index.php?rest_route=%2Fwp%2Fv2%2Ftags&post=90251"}],"curies":[{"name":"wp","href":"https:\/\/api.w.org\/{rel}","templated":true}]}}