{"id":90249,"date":"2018-01-23T19:42:29","date_gmt":"2018-01-23T21:42:29","guid":{"rendered":"http:\/\/diarioregionaljf.com.br\/2018\/01\/23\/ibope\/"},"modified":"2018-01-23T19:42:29","modified_gmt":"2018-01-23T21:42:29","slug":"ibope","status":"publish","type":"post","link":"https:\/\/diarioregionaldigital.com.br\/?p=90249","title":{"rendered":"Ibope"},"content":{"rendered":"<p style=\"text-align: center;\"><span class=\"h4\">Ibope<\/span><br \/>Voc\u00ea sabia? O Sportv ocupou nove das dez posi\u00e7\u00f5es no ranking das maiores audi\u00eancias da TV por assinatura em 2017. O campe\u00e3o foi o jogo Argentina X Chile, durante as Eliminat\u00f3rias da Copa do Mundo. A \u00fanica atra\u00e7\u00e3o da lista que n\u00e3o faz parte da grade do canal \u00e9&#8230; \u201cBig Brother Brasil\u201d. A transmiss\u00e3o do reality \u00e9 feita pelo Multishow. Ele ficou em nono lugar.<\/p>\n<p style=\"text-align: center;\"><span class=\"h4\">Fechamento<\/span><br \/>O presidente da Petrobras, Pedro Parente, disse que a empresa foi \u201cobrigada\u201d a fechar o acordo de US$ 2,95 bilh\u00f5es com investidores americanos e n\u00e3o considera fazer o mesmo em pa\u00edses como Holanda e Brasil. O executivo se reuniu com ministros do Tribunal de Contas da Uni\u00e3o (TCU) para explicar o entendimento firmado pela estatal para encerrar a a\u00e7\u00e3o conjunta que estava sendo movida contra a empresa nos Estados Unidos devido \u00e0 Lava-Jato.<\/p>\n<p style=\"text-align: center;\"><span class=\"h4\">Matrioskas e Gueixas<\/span><br \/>A Copa do Mundo e a Olimp\u00edada movimentam cada vez mais a moda. R\u00fassia e Jap\u00e3o, que sediar\u00e3o esses eventos, possuem culturas riqu\u00edssimas, e s\u00e3o frequentes refer\u00eancias em cole\u00e7\u00f5es. Os dois j\u00e1 est\u00e3o no radar dos fashionistas prevendo um show de encantamento e glamour.<\/p>\n<p style=\"text-align: center;\"><span class=\"h4\">Not\u00edcia<\/span><br \/>A equipe do governo que cuida da comunica\u00e7\u00e3o da Previd\u00eancia, est\u00e1 incomodada com v\u00eddeo, que circula em redes sociais, com cr\u00edticas do presidente da Associa\u00e7\u00e3o Nacional dos Ju\u00edzes Federais (Ajufe), Roberto Veloso, \u00e0 proposta. A turma busca o tom certo para a resposta. Quer mostrar que Veloso representa um grupo que rejeita a mudan\u00e7a para manter privil\u00e9gios, mas esbarra no prest\u00edgio que o judici\u00e1rio tem na opini\u00e3o p\u00fablica hoje.<\/p>\n<p style=\"text-align: center;\"><span class=\"h4\">D\u00f3-r\u00e9-mi-f\u00e1<\/span><br \/>O m\u00fasico Henrique Glanzmann e sua banda The Miss\u00e3o est\u00e3o acabando de gravar seu primeiro CD com m\u00fasicas autorais e vers\u00f5es cl\u00e1ssicos do rock. Na agenda, lan\u00e7amento durante shows de carnaval, em Ibitipoca, no La Gruta.<\/p>\n<p style=\"text-align: center;\"><img decoding=\"async\" class=\" size-full wp-image-90239\" src=\"http:\/\/diarioregionaljf.com.br\/wp-content\/uploads\/2018\/01\/diario-int-23411-1.jpg\" alt=\"fotoa.jpg\" width=\"680\" style=\"display: block; margin-left: auto; margin-right: auto;\" srcset=\"https:\/\/diarioregionaldigital.com.br\/wp-content\/uploads\/2018\/01\/diario-int-23411-1.jpg 680w, https:\/\/diarioregionaldigital.com.br\/wp-content\/uploads\/2018\/01\/diario-int-23411-1-300x199.jpg 300w, https:\/\/diarioregionaldigital.com.br\/wp-content\/uploads\/2018\/01\/diario-int-23411-1-360x238.jpg 360w\" sizes=\"(max-width: 680px) 100vw, 680px\" \/>Comemorando o sucesso de nova coluna on-line com Eduardo Gomes, os amigos Felipe Teixeira e Franciele Souza<\/p>\n<p style=\"text-align: center;\"><img decoding=\"async\" class=\" size-full wp-image-90240\" src=\"http:\/\/diarioregionaljf.com.br\/wp-content\/uploads\/2018\/01\/diario-int-23411-2.jpg\" alt=\"fotoaa.jpg\" width=\"680\" style=\"display: block; margin-left: auto; margin-right: auto;\" srcset=\"https:\/\/diarioregionaldigital.com.br\/wp-content\/uploads\/2018\/01\/diario-int-23411-2.jpg 680w, https:\/\/diarioregionaldigital.com.br\/wp-content\/uploads\/2018\/01\/diario-int-23411-2-300x199.jpg 300w, https:\/\/diarioregionaldigital.com.br\/wp-content\/uploads\/2018\/01\/diario-int-23411-2-360x238.jpg 360w\" sizes=\"(max-width: 680px) 100vw, 680px\" \/>Treinando para a Corrida Solid\u00e1ria pelo Haiti domingo em Matias Barbosa, a empres\u00e1ria da MultiSa\u00fade Benef\u00edcios, Marcelle Oliveira. Belo exemplo<\/p>\n<p style=\"text-align: center;\"><img decoding=\"async\" class=\" size-full wp-image-90241\" src=\"http:\/\/diarioregionaljf.com.br\/wp-content\/uploads\/2018\/01\/diario-int-23411-3.jpg\" alt=\"fotob.jpg\" width=\"680\" style=\"display: block; margin-left: auto; margin-right: auto;\" srcset=\"https:\/\/diarioregionaldigital.com.br\/wp-content\/uploads\/2018\/01\/diario-int-23411-3.jpg 680w, https:\/\/diarioregionaldigital.com.br\/wp-content\/uploads\/2018\/01\/diario-int-23411-3-300x197.jpg 300w, https:\/\/diarioregionaldigital.com.br\/wp-content\/uploads\/2018\/01\/diario-int-23411-3-360x237.jpg 360w\" sizes=\"(max-width: 680px) 100vw, 680px\" \/>Mulheres elegant\u00e9rrimas na Casinha 649, Let\u00edcia Teixeira, L\u00edvia Torres e Alessandra Brum<\/p>\n<p style=\"text-align: center;\"><img decoding=\"async\" class=\" size-full wp-image-90242\" src=\"http:\/\/diarioregionaljf.com.br\/wp-content\/uploads\/2018\/01\/diario-int-23411-4.jpg\" alt=\"fotoc.jpg\" width=\"680\" style=\"display: block; margin-left: auto; margin-right: auto;\" srcset=\"https:\/\/diarioregionaldigital.com.br\/wp-content\/uploads\/2018\/01\/diario-int-23411-4.jpg 680w, https:\/\/diarioregionaldigital.com.br\/wp-content\/uploads\/2018\/01\/diario-int-23411-4-266x300.jpg 266w, https:\/\/diarioregionaldigital.com.br\/wp-content\/uploads\/2018\/01\/diario-int-23411-4-360x407.jpg 360w\" sizes=\"(max-width: 680px) 100vw, 680px\" \/>Advogado e formador de opini\u00e3o da nova gera\u00e7\u00e3o, Pedro Henrique Santiago<\/p>\n<p style=\"text-align: center;\"><img decoding=\"async\" class=\" size-full wp-image-90243\" src=\"http:\/\/diarioregionaljf.com.br\/wp-content\/uploads\/2018\/01\/diario-int-23411-5.jpg\" alt=\"fotod.jpg\" width=\"680\" style=\"display: block; margin-left: auto; margin-right: auto;\" srcset=\"https:\/\/diarioregionaldigital.com.br\/wp-content\/uploads\/2018\/01\/diario-int-23411-5.jpg 680w, https:\/\/diarioregionaldigital.com.br\/wp-content\/uploads\/2018\/01\/diario-int-23411-5-300x199.jpg 300w, https:\/\/diarioregionaldigital.com.br\/wp-content\/uploads\/2018\/01\/diario-int-23411-5-360x238.jpg 360w\" sizes=\"(max-width: 680px) 100vw, 680px\" \/>Enfeitando a noite do MHall, Amanda Bonfim e Luciano Felipino<\/p>\n<p style=\"text-align: center;\"><img decoding=\"async\" class=\" size-full wp-image-90244\" src=\"http:\/\/diarioregionaljf.com.br\/wp-content\/uploads\/2018\/01\/diario-int-23411-6.jpg\" alt=\"fotoe.jpg\" width=\"680\" style=\"display: block; margin-left: auto; margin-right: auto;\" srcset=\"https:\/\/diarioregionaldigital.com.br\/wp-content\/uploads\/2018\/01\/diario-int-23411-6.jpg 680w, https:\/\/diarioregionaldigital.com.br\/wp-content\/uploads\/2018\/01\/diario-int-23411-6-266x300.jpg 266w, https:\/\/diarioregionaldigital.com.br\/wp-content\/uploads\/2018\/01\/diario-int-23411-6-360x407.jpg 360w\" sizes=\"(max-width: 680px) 100vw, 680px\" \/>Curtindo ver\u00e3o no Rio de Janeiro, Renan Ferreira e Carine Gonze<\/p>\n<p style=\"text-align: center;\"><img decoding=\"async\" class=\" size-full wp-image-90245\" src=\"http:\/\/diarioregionaljf.com.br\/wp-content\/uploads\/2018\/01\/diario-int-23411-7.jpg\" alt=\"fotof.jpg\" width=\"680\" style=\"display: block; margin-left: auto; margin-right: auto;\" srcset=\"https:\/\/diarioregionaldigital.com.br\/wp-content\/uploads\/2018\/01\/diario-int-23411-7.jpg 680w, https:\/\/diarioregionaldigital.com.br\/wp-content\/uploads\/2018\/01\/diario-int-23411-7-300x199.jpg 300w, https:\/\/diarioregionaldigital.com.br\/wp-content\/uploads\/2018\/01\/diario-int-23411-7-360x238.jpg 360w\" sizes=\"(max-width: 680px) 100vw, 680px\" \/>Lu\u00eds Carlos Moreira Rocha, Maristela Rocha e Leuza Moreira, comemorando os 90 anos da querida Maria de Lourdes Moreira Rocha<\/p>\n<p style=\"text-align: center;\"><img decoding=\"async\" class=\" size-full wp-image-90246\" src=\"http:\/\/diarioregionaljf.com.br\/wp-content\/uploads\/2018\/01\/diario-int-23411-8.jpg\" alt=\"fotog.jpg\" width=\"680\" style=\"display: block; margin-left: auto; margin-right: auto;\" srcset=\"https:\/\/diarioregionaldigital.com.br\/wp-content\/uploads\/2018\/01\/diario-int-23411-8.jpg 680w, https:\/\/diarioregionaldigital.com.br\/wp-content\/uploads\/2018\/01\/diario-int-23411-8-300x199.jpg 300w, https:\/\/diarioregionaldigital.com.br\/wp-content\/uploads\/2018\/01\/diario-int-23411-8-360x238.jpg 360w\" sizes=\"(max-width: 680px) 100vw, 680px\" \/>Mulheres puro poder na Dubambu, Gabriela Dutra e Renata Hargreaves<\/p>\n<p style=\"text-align: center;\"><img decoding=\"async\" class=\" size-full wp-image-90247\" src=\"http:\/\/diarioregionaljf.com.br\/wp-content\/uploads\/2018\/01\/diario-int-23411-9.JPG\" alt=\"fotoi.JPG\" width=\"680\" style=\"display: block; margin-left: auto; margin-right: auto;\" srcset=\"https:\/\/diarioregionaldigital.com.br\/wp-content\/uploads\/2018\/01\/diario-int-23411-9.JPG 680w, https:\/\/diarioregionaldigital.com.br\/wp-content\/uploads\/2018\/01\/diario-int-23411-9-300x199.jpg 300w, https:\/\/diarioregionaldigital.com.br\/wp-content\/uploads\/2018\/01\/diario-int-23411-9-360x238.jpg 360w\" sizes=\"(max-width: 680px) 100vw, 680px\" \/>Em cena social, na Juventude Imperial, Nelson Resende de Barros e Sandra Guedes<\/p>\n<p style=\"text-align: center;\"><img decoding=\"async\" class=\" size-full wp-image-90248\" src=\"http:\/\/diarioregionaljf.com.br\/wp-content\/uploads\/2018\/01\/diario-int-23411-10.JPG\" alt=\"fotoj.JPG\" width=\"680\" style=\"display: block; margin-left: auto; margin-right: auto;\" srcset=\"https:\/\/diarioregionaldigital.com.br\/wp-content\/uploads\/2018\/01\/diario-int-23411-10.JPG 680w, https:\/\/diarioregionaldigital.com.br\/wp-content\/uploads\/2018\/01\/diario-int-23411-10-300x199.jpg 300w, https:\/\/diarioregionaldigital.com.br\/wp-content\/uploads\/2018\/01\/diario-int-23411-10-360x238.jpg 360w\" sizes=\"(max-width: 680px) 100vw, 680px\" \/>Rosimar Donato, Teresa Ramos, Vera Donato, no batuque do samba, na Juventude<\/p>\n<p class=\"h4\" style=\"text-align: center;\">FOTOSS\u00cdNTESE<\/p>\n<p>Com convite estrelado, a escritora Norma de Souza Lopes lan\u00e7ar\u00e1 o livro \u201cDe mim ningu\u00e9m sai com fome\u201d, no s\u00e1bado, 27, no Centro Cultural, Tell Me. A edi\u00e7\u00e3o sai pelo selo da Editora Paru\u00e1.<\/p>\n<p>Muito querida, a coordenadora de um grupo de pesquisa sobre Chiquinha Gonzaga, a jornalista Maristela Rocha re\u00fane gente do bem para um ch\u00e1 da tarde na Maxi P\u00e3o, no s\u00e1bado 27.<\/p>\n<p>Para o projeto F\u00e9rias Divertidas, o Independ\u00eancia Shopping, est\u00e1 promovendo diversas atra\u00e7\u00f5es em um s\u00f3 lugar. Tem mar de bolinhas coloridas, os maravilhosos carrinhos personalizados e motorizados da Zootour, magic games, driving dreams e Uci Uniplex cinema com v\u00e1rias op\u00e7\u00f5es infantis e as deliciosas pipocas com cobertura de manteiga.<\/p>\n<p>Agendado para o dia 25 de janeiro, no Premier Parc Hotel a apresenta\u00e7\u00e3o do \u2018Stand Up Comedy\u2019 \u201cOs tr\u00eas cervejeiros\u201d, estrelado por Andr\u00e9 Santi, Nill Agra e Rodrigo Marques.<\/p>\n<p>Foi lan\u00e7ado na Pra\u00e7a Jarbas de Lery Santos, em S\u00e3o Mateus, o Programa Esporte e Lazer da Cidade. Recebendo tudo e todos, o secret\u00e1rio J\u00falio Gasparette.<\/p>\n<p>Din\u00e2mica e atuante, a publicit\u00e1ria Guta Lacerda lan\u00e7a mais uma bel\u00edssima revista DOC, em mar\u00e7o. A edi\u00e7\u00e3o deste n\u00famero vai focar a arquitetura.<\/p>\n<p>Esta bel\u00edssima a exposi\u00e7\u00e3o do 1\u00ba Concurso de Fotografia da UFJF, com 27 imagens em diversas categorias. Os trabalhos est\u00e3o encravados no sagu\u00e3o da Reitoria.<\/p>\n<p>Dando um salto grandioso, os concursos de Mr. Juiz de Fora e Miss Juiz de Fora 2018, bateu recorde de inscri\u00e7\u00f5es. Merece elogios, o trabalho s\u00e9rio e competente do produtor e coordenador do concurso Diley Almeida.<\/p>\n<p>Tem gente reeditando o antigo termo \u201cjararaca\u201d. Serve para definir gente invejosa e do mau.<\/p>\n<p>Causou efeito eletrizante o Show de Dudu Costa e Cac\u00e1udio realizado no Planet Music. O p\u00fablico pede bis.<\/p>\n<p>Ronaldo Miana agendou show para o dia 03 de fevereiro, na Arteria.<\/p>\n<p>O procurad\u00edssimo CD \u201cBanho de F\u00e9\u201d da cantora do momento Sandra Portella pode ser adquirido na Loja Z\u00e9 Kodak. E a camiseta de seu bloco N\u00eaga Maria para o dia 28 de fevereiro, no Bar do L\u00e9o tamb\u00e9m.<\/p>\n<p>Para localizar: \u201cDepois da on\u00e7a morta, todos s\u00e3o ca\u00e7adores\u201d Tome nota e tenha um bom dia.<\/p>\n","protected":false},"excerpt":{"rendered":"<p>IbopeVoc\u00ea sabia? O Sportv ocupou nove das dez posi\u00e7\u00f5es no ranking das maiores audi\u00eancias da TV por assinatura em 2017. O campe\u00e3o foi o jogo Argentina X Chile, durante as Eliminat\u00f3rias da Copa do Mundo. A \u00fanica atra\u00e7\u00e3o da lista que n\u00e3o faz parte da grade do canal \u00e9&#8230; \u201cBig Brother Brasil\u201d. A transmiss\u00e3o do [&hellip;]<\/p>\n","protected":false},"author":96,"featured_media":90238,"comment_status":"closed","ping_status":"closed","sticky":false,"template":"","format":"standard","meta":{"footnotes":""},"categories":[264],"tags":[],"class_list":["post-90249","post","type-post","status-publish","format-standard","has-post-thumbnail","hentry","category-eduardo-gomes"],"_links":{"self":[{"href":"https:\/\/diarioregionaldigital.com.br\/index.php?rest_route=\/wp\/v2\/posts\/90249","targetHints":{"allow":["GET"]}}],"collection":[{"href":"https:\/\/diarioregionaldigital.com.br\/index.php?rest_route=\/wp\/v2\/posts"}],"about":[{"href":"https:\/\/diarioregionaldigital.com.br\/index.php?rest_route=\/wp\/v2\/types\/post"}],"author":[{"embeddable":true,"href":"https:\/\/diarioregionaldigital.com.br\/index.php?rest_route=\/wp\/v2\/users\/96"}],"replies":[{"embeddable":true,"href":"https:\/\/diarioregionaldigital.com.br\/index.php?rest_route=%2Fwp%2Fv2%2Fcomments&post=90249"}],"version-history":[{"count":0,"href":"https:\/\/diarioregionaldigital.com.br\/index.php?rest_route=\/wp\/v2\/posts\/90249\/revisions"}],"wp:featuredmedia":[{"embeddable":true,"href":"https:\/\/diarioregionaldigital.com.br\/index.php?rest_route=\/wp\/v2\/media\/90238"}],"wp:attachment":[{"href":"https:\/\/diarioregionaldigital.com.br\/index.php?rest_route=%2Fwp%2Fv2%2Fmedia&parent=90249"}],"wp:term":[{"taxonomy":"category","embeddable":true,"href":"https:\/\/diarioregionaldigital.com.br\/index.php?rest_route=%2Fwp%2Fv2%2Fcategories&post=90249"},{"taxonomy":"post_tag","embeddable":true,"href":"https:\/\/diarioregionaldigital.com.br\/index.php?rest_route=%2Fwp%2Fv2%2Ftags&post=90249"}],"curies":[{"name":"wp","href":"https:\/\/api.w.org\/{rel}","templated":true}]}}