{"id":90211,"date":"2018-01-23T18:05:08","date_gmt":"2018-01-23T20:05:08","guid":{"rendered":"http:\/\/diarioregionaljf.com.br\/2018\/01\/23\/minas-gerais-ja-tem-25-mortes-confirmadas-por-febre-amarela\/"},"modified":"2018-01-23T18:05:08","modified_gmt":"2018-01-23T20:05:08","slug":"minas-gerais-ja-tem-25-mortes-confirmadas-por-febre-amarela","status":"publish","type":"post","link":"https:\/\/diarioregionaldigital.com.br\/?p=90211","title":{"rendered":"Minas Gerais j\u00e1 tem 25 mortes confirmadas por febre amarela"},"content":{"rendered":"<p>A Secretaria de Estado de Sa\u00fade de Minas Gerais (SES\/MG) divulgou, nesta ter\u00e7a-feira, 23, Boletim Epidemiol\u00f3gico atualizado sobre os casos de febra amarela no estado. Os dados apontam 25 mortes j\u00e1 confirmadas em decorr\u00eancia da doen\u00e7a. Outros 12 casos est\u00e3o em investiga\u00e7\u00e3o e 14 foram descartados.<\/p>\n<p>Conforme a SES\/MG, desde o in\u00edcio do 2\u00ba per\u00edodo de monitoramento da febre amarela (julho\/2017 a junho\/2018), foram confirmados 47 casos da doen\u00e7a em Minas e outros 99 continuam em investiga\u00e7\u00e3o.<\/p>\n<p>Do total de casos confirmados laboratorialmente, 44 (93,6%) s\u00e3o de pessoas do sexo masculino e tr\u00eas (6,4%) de pacientes do sexo feminino. Ainda segundo a Secretaria, n\u00e3o h\u00e1 relato de vacina\u00e7\u00e3o para a doen\u00e7a entre os casos confirmados. A mediana de idade dos infectados \u00e9 de 46 anos (15 &#8211; 88 anos) e a letalidade, no estado, \u00e9 de pouco mais de 53%.<\/p>\n<p>&nbsp;<\/p>\n<p><img loading=\"lazy\" decoding=\"async\" class=\" size-full wp-image-90210\" src=\"http:\/\/diarioregionaljf.com.br\/wp-content\/uploads\/2018\/01\/diario-int-23397-1.png\" alt=\"tabelafebreamarela.png\" width=\"584\" height=\"298\" srcset=\"https:\/\/diarioregionaldigital.com.br\/wp-content\/uploads\/2018\/01\/diario-int-23397-1.png 584w, https:\/\/diarioregionaldigital.com.br\/wp-content\/uploads\/2018\/01\/diario-int-23397-1-300x153.png 300w, https:\/\/diarioregionaldigital.com.br\/wp-content\/uploads\/2018\/01\/diario-int-23397-1-360x184.png 360w\" sizes=\"auto, (max-width: 584px) 100vw, 584px\" \/><\/p>\n<p>&nbsp;<\/p>\n<h4>VACINA\u00c7\u00c3O<\/h4>\n<p>Dados da SES\/MG apontam que a cobertura vacinal acumulada de febre amarela em Minas Gerais \u00e9 de cerca de 82%. A estimativa \u00e9 de que 3.522.381 ainda n\u00e3o foram vacinados, especialmente na faixa-et\u00e1ria de 15 a 59 anos, a mais acometida pela epidemia da doen\u00e7a em 2017.<\/p>\n<p>Ainda conforme o Boletim, 39,39% (336) dos munic\u00edpios de Minas n\u00e3o alcan\u00e7aram 80% de cobertura vacinal; outros 32,71% (279) tem entre 80% e 94,9% de seus moradores vacinados; e 27,90% (238) est\u00e3o \u00edndice de 95% de cobertura vacinal.<\/p>\n<p>&nbsp;<\/p>\n<h4>PRIMATAS INFECTADOS<\/h4>\n<p>No 2\u00ba per\u00edodo de monitoramento, foram registradas epizootias de Primatas N\u00e3o Humanos (PNH) em 176 munic\u00edpios, com confirma\u00e7\u00e3o de circula\u00e7\u00e3o do v\u00edrus em 32 deles. Outras 43 cidades apresentam casos suspeitos de febre amarela em primatas e, 101, epizootia indeterminada (sem coleta de amostra).<\/p>\n<p>&nbsp;<\/p>\n<p>Colabora\u00e7\u00e3o Assessoria<\/p>\n","protected":false},"excerpt":{"rendered":"<p>A Secretaria de Estado de Sa\u00fade de Minas Gerais (SES\/MG) divulgou, nesta ter\u00e7a-feira, 23, Boletim Epidemiol\u00f3gico atualizado sobre os casos de febra amarela no estado. Os dados apontam 25 mortes j\u00e1 confirmadas em decorr\u00eancia da doen\u00e7a. Outros 12 casos est\u00e3o em investiga\u00e7\u00e3o e 14 foram descartados. Conforme a SES\/MG, desde o in\u00edcio do 2\u00ba per\u00edodo [&hellip;]<\/p>\n","protected":false},"author":96,"featured_media":90209,"comment_status":"closed","ping_status":"closed","sticky":false,"template":"","format":"standard","meta":{"footnotes":""},"categories":[253],"tags":[],"class_list":["post-90211","post","type-post","status-publish","format-standard","has-post-thumbnail","hentry","category-cidade"],"_links":{"self":[{"href":"https:\/\/diarioregionaldigital.com.br\/index.php?rest_route=\/wp\/v2\/posts\/90211","targetHints":{"allow":["GET"]}}],"collection":[{"href":"https:\/\/diarioregionaldigital.com.br\/index.php?rest_route=\/wp\/v2\/posts"}],"about":[{"href":"https:\/\/diarioregionaldigital.com.br\/index.php?rest_route=\/wp\/v2\/types\/post"}],"author":[{"embeddable":true,"href":"https:\/\/diarioregionaldigital.com.br\/index.php?rest_route=\/wp\/v2\/users\/96"}],"replies":[{"embeddable":true,"href":"https:\/\/diarioregionaldigital.com.br\/index.php?rest_route=%2Fwp%2Fv2%2Fcomments&post=90211"}],"version-history":[{"count":0,"href":"https:\/\/diarioregionaldigital.com.br\/index.php?rest_route=\/wp\/v2\/posts\/90211\/revisions"}],"wp:featuredmedia":[{"embeddable":true,"href":"https:\/\/diarioregionaldigital.com.br\/index.php?rest_route=\/wp\/v2\/media\/90209"}],"wp:attachment":[{"href":"https:\/\/diarioregionaldigital.com.br\/index.php?rest_route=%2Fwp%2Fv2%2Fmedia&parent=90211"}],"wp:term":[{"taxonomy":"category","embeddable":true,"href":"https:\/\/diarioregionaldigital.com.br\/index.php?rest_route=%2Fwp%2Fv2%2Fcategories&post=90211"},{"taxonomy":"post_tag","embeddable":true,"href":"https:\/\/diarioregionaldigital.com.br\/index.php?rest_route=%2Fwp%2Fv2%2Ftags&post=90211"}],"curies":[{"name":"wp","href":"https:\/\/api.w.org\/{rel}","templated":true}]}}