{"id":90208,"date":"2018-01-23T16:05:27","date_gmt":"2018-01-23T18:05:27","guid":{"rendered":"http:\/\/diarioregionaljf.com.br\/2018\/01\/23\/jovem-e-assaltado-no-bairro-manoel-honorio\/"},"modified":"2018-01-23T16:05:27","modified_gmt":"2018-01-23T18:05:27","slug":"jovem-e-assaltado-no-bairro-manoel-honorio","status":"publish","type":"post","link":"https:\/\/diarioregionaldigital.com.br\/?p=90208","title":{"rendered":"Jovem \u00e9 assaltado no bairro Manoel Hon\u00f3rio"},"content":{"rendered":"<p>Um jovem de 20 anos foi assaltado na noite desta segunda-feira, 22, no bairro Manoel Hon\u00f3rio, localizado na zona Leste da cidade.<\/p>\n<p>De acordo com o registro de ocorr\u00eancias da Pol\u00edcia Militar (PM), o jovem passava pela Avenida Governador Valadares quando foi abordado por um indiv\u00edduo que o empurrou e arrancou com for\u00e7a o seu aparelho celular.<\/p>\n<p>A v\u00edtima fez contato com a PM que realizou buscas na regi\u00e3o.<\/p>\n<p>O autor de 18 anos foi preso e com ele foi encontrado o aparelho roubado. Ele foi preso e encaminhado a delegacia.<\/p>\n","protected":false},"excerpt":{"rendered":"<p>Um jovem de 20 anos foi assaltado na noite desta segunda-feira, 22, no bairro Manoel Hon\u00f3rio, localizado na zona Leste da cidade. De acordo com o registro de ocorr\u00eancias da Pol\u00edcia Militar (PM), o jovem passava pela Avenida Governador Valadares quando foi abordado por um indiv\u00edduo que o empurrou e arrancou com for\u00e7a o seu [&hellip;]<\/p>\n","protected":false},"author":96,"featured_media":90207,"comment_status":"closed","ping_status":"closed","sticky":false,"template":"","format":"standard","meta":{"footnotes":""},"categories":[301],"tags":[],"class_list":["post-90208","post","type-post","status-publish","format-standard","has-post-thumbnail","hentry","category-artigos-policiais"],"_links":{"self":[{"href":"https:\/\/diarioregionaldigital.com.br\/index.php?rest_route=\/wp\/v2\/posts\/90208","targetHints":{"allow":["GET"]}}],"collection":[{"href":"https:\/\/diarioregionaldigital.com.br\/index.php?rest_route=\/wp\/v2\/posts"}],"about":[{"href":"https:\/\/diarioregionaldigital.com.br\/index.php?rest_route=\/wp\/v2\/types\/post"}],"author":[{"embeddable":true,"href":"https:\/\/diarioregionaldigital.com.br\/index.php?rest_route=\/wp\/v2\/users\/96"}],"replies":[{"embeddable":true,"href":"https:\/\/diarioregionaldigital.com.br\/index.php?rest_route=%2Fwp%2Fv2%2Fcomments&post=90208"}],"version-history":[{"count":0,"href":"https:\/\/diarioregionaldigital.com.br\/index.php?rest_route=\/wp\/v2\/posts\/90208\/revisions"}],"wp:featuredmedia":[{"embeddable":true,"href":"https:\/\/diarioregionaldigital.com.br\/index.php?rest_route=\/wp\/v2\/media\/90207"}],"wp:attachment":[{"href":"https:\/\/diarioregionaldigital.com.br\/index.php?rest_route=%2Fwp%2Fv2%2Fmedia&parent=90208"}],"wp:term":[{"taxonomy":"category","embeddable":true,"href":"https:\/\/diarioregionaldigital.com.br\/index.php?rest_route=%2Fwp%2Fv2%2Fcategories&post=90208"},{"taxonomy":"post_tag","embeddable":true,"href":"https:\/\/diarioregionaldigital.com.br\/index.php?rest_route=%2Fwp%2Fv2%2Ftags&post=90208"}],"curies":[{"name":"wp","href":"https:\/\/api.w.org\/{rel}","templated":true}]}}